{"id":14618,"date":"2020-09-07T14:30:10","date_gmt":"2020-09-07T14:30:10","guid":{"rendered":"https:\/\/www.radiopresidenteibanez.cl\/web\/?p=14618"},"modified":"2020-09-07T14:30:16","modified_gmt":"2020-09-07T14:30:16","slug":"sercotec-magallanes-abre-convocatoria-a-programa-regional-reactivate-multisectorial-que-entrega-2-500-000","status":"publish","type":"post","link":"https:\/\/www.radiopresidenteibanez.cl\/web\/sercotec-magallanes-abre-convocatoria-a-programa-regional-reactivate-multisectorial-que-entrega-2-500-000\/","title":{"rendered":"SERCOTEC MAGALLANES ABRE CONVOCATORIA A PROGRAMA REGIONAL REACT\u00cdVATE MULTISECTORIAL QUE ENTREGA $2.500.000"},"content":{"rendered":"\n<p>Desde hoy 7 de septiembre a las\n12:00 horas hasta el 11 de septiembre a las 15:00 horas Sercotec Magallanes\nabre convocatoria al programa React\u00edvate Multisectorial, <strong>subsidio de $2.500.000<\/strong> que busca apoyar a las micro y peque\u00f1as\nempresas de cualquier sector econ\u00f3mico que hayan visto disminuidas sus ventas\nproducto de la crisis sanitaria del Covid 19. <\/p>\n\n\n\n<p>Al respecto, la Directora\nRegional de Sercotec Magallanes, Mar\u00eda Soledad Solo de Zald\u00edvar, se\u00f1al\u00f3 que \u201choy\ngracias a los fondos del Gobierno Regional hemos podido abrir la convocatoria\nal programa React\u00edvate Multisectorial, donde empresas de cualquier rubro podr\u00e1n\npostular a $2.500.000 para financiar activos fijos, capital de trabajo,\nmercader\u00eda, arriendos, sueldos, servicios b\u00e1sicos, cuotas de cr\u00e9dito y gastos\nen promoci\u00f3n y publicidad. Adem\u00e1s, podr\u00e1n adquirir\nmateriales necesarios para implementar protocolos sanitarios ante el Covid-19\nen sus negocios. Si desean postular, deben ingresar a <a href=\"http:\/\/www.sercotec.cl\">www.sercotec.cl<\/a>,\ntienen hasta el 11 de septiembre a las 15:00 horas y si necesitan apoyo en la postulaci\u00f3n\npueden comunicarse con nosotros al 232425000 anexo 12 o al correo <a href=\"mailto:mipepuntaarenas@sercotec.cl\">mipepuntaarenas@sercotec.cl<\/a>\u201d.<\/p>\n\n\n\n<p><strong>Las micro y peque\u00f1as empresas que postulen,<\/strong> deben tener ventas\nnetas superiores a 0 (cero) o inferiores o iguales a 15.000 UF al a\u00f1o, haber\ntenido una disminuci\u00f3n en sus ventas por la emergencia sanitaria y tener inicio\nde actividades hasta el 31 de octubre de 2019.<\/p>\n\n\n\n<p><strong>Es recomendable que antes de postular,<\/strong> revisen las bases del\nprograma React\u00edvate Multisectorial que estar\u00e1n habilitadas desde hoy 7 de\nseptiembre en la p\u00e1gina de Sercotec y donde encontrar\u00e1n todos los requisitos\npara ser parte de esta iniciativa.<\/p>\n\n\n\n<p>Cabe destacar que este programa <strong>entregar\u00e1 m\u00e1s de 330 millones de pesos <\/strong>y\nes financiado por el Gobierno Regional a trav\u00e9s del Fondo de Desarrollo de\nMagallanes (Fondema), con aprobaci\u00f3n del Consejo Regional de Magallanes y\nAnt\u00e1rtica Chilena.<\/p>\n","protected":false},"excerpt":{"rendered":"<p>Desde hoy 7 de septiembre a las 12:00 horas hasta el 11 de septiembre a las 15:00 horas Sercotec Magallanes abre convocatoria al programa React\u00edvate Multisectorial, subsidio de $2.500.000 que&#8230; <a class=\"read-more\" href=\"https:\/\/www.radiopresidenteibanez.cl\/web\/sercotec-magallanes-abre-convocatoria-a-programa-regional-reactivate-multisectorial-que-entrega-2-500-000\/\">Leer m\u00e1s<\/a><\/p>\n","protected":false},"author":2,"featured_media":14619,"comment_status":"closed","ping_status":"closed","sticky":false,"template":"","format":"standard","meta":{"footnotes":""},"categories":[1],"tags":[],"class_list":["post-14618","post","type-post","status-publish","format-standard","has-post-thumbnail","hentry","category-cronica"],"_links":{"self":[{"href":"https:\/\/www.radiopresidenteibanez.cl\/web\/wp-json\/wp\/v2\/posts\/14618","targetHints":{"allow":["GET"]}}],"collection":[{"href":"https:\/\/www.radiopresidenteibanez.cl\/web\/wp-json\/wp\/v2\/posts"}],"about":[{"href":"https:\/\/www.radiopresidenteibanez.cl\/web\/wp-json\/wp\/v2\/types\/post"}],"author":[{"embeddable":true,"href":"https:\/\/www.radiopresidenteibanez.cl\/web\/wp-json\/wp\/v2\/users\/2"}],"replies":[{"embeddable":true,"href":"https:\/\/www.radiopresidenteibanez.cl\/web\/wp-json\/wp\/v2\/comments?post=14618"}],"version-history":[{"count":0,"href":"https:\/\/www.radiopresidenteibanez.cl\/web\/wp-json\/wp\/v2\/posts\/14618\/revisions"}],"wp:featuredmedia":[{"embeddable":true,"href":"https:\/\/www.radiopresidenteibanez.cl\/web\/wp-json\/wp\/v2\/media\/14619"}],"wp:attachment":[{"href":"https:\/\/www.radiopresidenteibanez.cl\/web\/wp-json\/wp\/v2\/media?parent=14618"}],"wp:term":[{"taxonomy":"category","embeddable":true,"href":"https:\/\/www.radiopresidenteibanez.cl\/web\/wp-json\/wp\/v2\/categories?post=14618"},{"taxonomy":"post_tag","embeddable":true,"href":"https:\/\/www.radiopresidenteibanez.cl\/web\/wp-json\/wp\/v2\/tags?post=14618"}],"curies":[{"name":"wp","href":"https:\/\/api.w.org\/{rel}","templated":true}]}}