{"id":14615,"date":"2020-09-07T14:27:37","date_gmt":"2020-09-07T14:27:37","guid":{"rendered":"https:\/\/www.radiopresidenteibanez.cl\/web\/?p=14615"},"modified":"2020-09-07T14:27:43","modified_gmt":"2020-09-07T14:27:43","slug":"sector-salud-gestiona-egresos-por-traslado-para-garantizar-acceso-a-atencion-de-pacientes-covid-19","status":"publish","type":"post","link":"https:\/\/www.radiopresidenteibanez.cl\/web\/sector-salud-gestiona-egresos-por-traslado-para-garantizar-acceso-a-atencion-de-pacientes-covid-19\/","title":{"rendered":"SECTOR SALUD GESTIONA EGRESOS POR TRASLADO PARA GARANTIZAR ACCESO A ATENCI\u00d3N DE PACIENTES COVID-19"},"content":{"rendered":"\n<p>4 Nuevos egresos por traslado desde la Unidad de Paciente Critico UPC\ndel Hospital Cl\u00ednico Magallanes hasta recintos asistenciales de la Regi\u00f3n\nMetropolitana,&nbsp; se encuentra gestionando\nla Unidad de Coordinaci\u00f3n del Hospital Cl\u00ednico y el Dpto. de Articulaci\u00f3n de la\nRed del Servicio de Salud junto a la Unidad de Gesti\u00f3n Centralizada de Camas\ndel Ministerio de Salud, en contexto de la Red Integrada Covid_19.<\/p>\n\n\n\n<p>Los traslados a materializar durante la tarde noche de hoy, domingo 06\nde septiembre, se suman a los realizados a contar del pasado 27 de agosto, 3 al\nHospital Metropolitano, uno al Hospital de Puerto Montt y otro a un\nestablecimiento privado de la ciudad de Osorno.<\/p>\n\n\n\n<p>Al respecto, el subdirector de Gesti\u00f3n Asistencial del Servicio de\nSalud Magallanes, Dr. Cristian Cabrera, coment\u00f3 que los traslados se realizan\nbajo la estrategia de liberaci\u00f3n de cupos cama UCI COVID -19, permitiendo al\nHospital Cl\u00ednico Magallanes \u2013 centro de referencia regional de la pandemia \u2013\ncontar con mayor n\u00famero de camas UCI disponibles, garantizando el acceso a la\npoblaci\u00f3n, en atenci\u00f3n directa al aumento de contagios a nivel local y, a lo\ndin\u00e1mico de la emergencia.<\/p>\n\n\n\n<p>\u201cHoy la situaci\u00f3n es compleja, hemos visto un aumento de los casos\nregistrados y una situaci\u00f3n de contagios sostenida, lo que ha derivado en un aumento\nde la demanda de camas cr\u00edticas y camas b\u00e1sicas en el Hospital Cl\u00ednico\nMagallanes, derivando en que la Unidad de Paciente Cr\u00edtico se ha visto\nestresada y se han debido activar todos los sistemas para poder responder al\naumento de la demanda y garantizar el acceso a camas de la comunidad, lo que ha\nsignificado el retomar los egresos hacia otras regiones del pa\u00eds, es as\u00ed como\nhoy se ha coordinado el traslado de 2 pacientes al Hospital Metropolitano, un\npaciente a la Ex Posta Central y otro a una cl\u00ednica privada\u201d, indic\u00f3 el\nsubdirector de Gesti\u00f3n Asistencial. <\/p>\n\n\n\n<p>Agregando el Dr. Cabrera que, al materializarse los traslados el\nestablecimiento puede registrar alrededor de un 84% de ocupaci\u00f3n. \u201cCon todas\nlas gestiones realizadas, tendremos en el Hospital Cl\u00ednico 20 camas ocupadas y\n4 disponibles, adem\u00e1s informar sobre la ocupaci\u00f3n de los ventiladores mec\u00e1nicos\nen la Red Integrada Magallanes, la que es de un 38%, quedando aproximadamente\n15 ventiladores mec\u00e1nicos invasivos en el HCM disponibles; adem\u00e1s contamos con\nlas c\u00e1nulas nasofar\u00edngeas de alto flujo, que son una herramienta muy \u00fatil para\ncombatir el coronavirus\u201d, puntualiz\u00f3 el galeno.<\/p>\n\n\n\n<p>Por su parte, el director del Hospital Cl\u00ednico Magallanes, Ricardo\nContreras, coment\u00f3 que la pandemia ha puesto a prueba la capacidad del\nestablecimiento, la que al momento ha sorteado las adversidades a trav\u00e9s del\ntrabajo coordinado y las gestiones tendientes a reforzar su capacidad de respuesta,\nincluyendo los egresos por traslado, pero enfatiza que es vital para superar la\npandemia, la responsabilidad individual y colectiva de la comunidad frente al\nvirus.<\/p>\n\n\n\n<p>\u201cComo establecimiento hemos mantenido la regularidad y continuidad de\nla atenci\u00f3n, siempre ha estado disponible la atenci\u00f3n en el hospital, sin\nembargo es importante reiterar la importancia de las normas de autocuidado y de\nlas medidas que ha dispuesto la autoridad sanitaria, ya que esto nos permitir\u00e1\ncontener el volumen de contagio; es conocido que las capacidades de este\nestablecimiento que es referencia del COVID-19 son acotadas, tienen limite y no\nson infinitas\u201d, indic\u00f3 el director Contreras.<\/p>\n\n\n\n<p>Reiterar que para superar la pandemia, es necesario el compromiso de\ntodos para aplanar la curva de contagio, especialmente ahora que nos\nencontramos como ciudad en cuarentena, por ello solicitar a los magall\u00e1nicos\/as\nque no salgan de sus domicilios, recuerden lavar frecuentemente sus manos y\nmantengan el distanciamiento f\u00edsico.<\/p>\n","protected":false},"excerpt":{"rendered":"<p>4 Nuevos egresos por traslado desde la Unidad de Paciente Critico UPC del Hospital Cl\u00ednico Magallanes hasta recintos asistenciales de la Regi\u00f3n Metropolitana,&nbsp; se encuentra gestionando la Unidad de Coordinaci\u00f3n&#8230; <a class=\"read-more\" href=\"https:\/\/www.radiopresidenteibanez.cl\/web\/sector-salud-gestiona-egresos-por-traslado-para-garantizar-acceso-a-atencion-de-pacientes-covid-19\/\">Leer m\u00e1s<\/a><\/p>\n","protected":false},"author":2,"featured_media":14616,"comment_status":"closed","ping_status":"closed","sticky":false,"template":"","format":"standard","meta":{"footnotes":""},"categories":[1],"tags":[],"class_list":["post-14615","post","type-post","status-publish","format-standard","has-post-thumbnail","hentry","category-cronica"],"_links":{"self":[{"href":"https:\/\/www.radiopresidenteibanez.cl\/web\/wp-json\/wp\/v2\/posts\/14615","targetHints":{"allow":["GET"]}}],"collection":[{"href":"https:\/\/www.radiopresidenteibanez.cl\/web\/wp-json\/wp\/v2\/posts"}],"about":[{"href":"https:\/\/www.radiopresidenteibanez.cl\/web\/wp-json\/wp\/v2\/types\/post"}],"author":[{"embeddable":true,"href":"https:\/\/www.radiopresidenteibanez.cl\/web\/wp-json\/wp\/v2\/users\/2"}],"replies":[{"embeddable":true,"href":"https:\/\/www.radiopresidenteibanez.cl\/web\/wp-json\/wp\/v2\/comments?post=14615"}],"version-history":[{"count":0,"href":"https:\/\/www.radiopresidenteibanez.cl\/web\/wp-json\/wp\/v2\/posts\/14615\/revisions"}],"wp:featuredmedia":[{"embeddable":true,"href":"https:\/\/www.radiopresidenteibanez.cl\/web\/wp-json\/wp\/v2\/media\/14616"}],"wp:attachment":[{"href":"https:\/\/www.radiopresidenteibanez.cl\/web\/wp-json\/wp\/v2\/media?parent=14615"}],"wp:term":[{"taxonomy":"category","embeddable":true,"href":"https:\/\/www.radiopresidenteibanez.cl\/web\/wp-json\/wp\/v2\/categories?post=14615"},{"taxonomy":"post_tag","embeddable":true,"href":"https:\/\/www.radiopresidenteibanez.cl\/web\/wp-json\/wp\/v2\/tags?post=14615"}],"curies":[{"name":"wp","href":"https:\/\/api.w.org\/{rel}","templated":true}]}}