{"id":1461,"date":"2019-02-15T17:59:02","date_gmt":"2019-02-15T17:59:02","guid":{"rendered":"http:\/\/www.radiopresidenteibanez.cl\/web\/?p=1461"},"modified":"2019-02-15T17:59:18","modified_gmt":"2019-02-15T17:59:18","slug":"mop-realiza-segunda-reunion-de-participacion-ciudadana-por-proyecto-para-rehabilitar-museo-militar","status":"publish","type":"post","link":"https:\/\/www.radiopresidenteibanez.cl\/web\/mop-realiza-segunda-reunion-de-participacion-ciudadana-por-proyecto-para-rehabilitar-museo-militar\/","title":{"rendered":"MOP REALIZA SEGUNDA REUNI\u00d3N DE PARTICIPACI\u00d3N CIUDADANA POR PROYECTO PARA REHABILITAR MUSEO MILITAR"},"content":{"rendered":"\n<p>Se efectu\u00f3 la segunda reuni\u00f3n de participaci\u00f3n\nciudadana, por eldise\u00f1o\npara la Restauraci\u00f3n y Habilitaci\u00f3n del Museo Militar Austral en el Palacio\nJos\u00e9 Men\u00e9ndez, proyecto a cargo de la Direcci\u00f3n de Arquitectura del Ministerio\nde Obras P\u00fablicas.<\/p>\n\n\n\n<p>Ante el evidente deterioro del inmueble, lo que afecta no s\u00f3lo su\ncondici\u00f3n de edificaci\u00f3n patrimonial, sino tambi\u00e9n las colecciones que cobija\nen su interior, se plantea el desarrollo de dicho dise\u00f1o, con el prop\u00f3sito de\nsolucionar definitivamente las graves fallas que afectan al actual monumento\nnacional.<\/p>\n\n\n\n<p>El proyecto propone el&nbsp; desarrollo\ndel dise\u00f1o completo para la restauraci\u00f3n del Palacio Jos\u00e9 Men\u00e9ndez y su\nhabilitaci\u00f3n como museo, con el objeto de contribuir efectivamente a su labor\nde conservaci\u00f3n y preservaci\u00f3n de las colecciones patrimoniales m\u00e1s importantes\nde la regi\u00f3n, as\u00ed como entregar a sus trabajadores, la comunidad regional y los\nturistas nacionales y extranjeros, condiciones adecuadas para custodiar en\nprimer t\u00e9rmino y evidentemente, apreciar, dichos testimonios. <\/p>\n\n\n\n<p>Dentro de los requerimientos a desarrollar se encuentra la normalizaci\u00f3n\ny puesta en norma de los servicios b\u00e1sicos, proyecto de restauraci\u00f3n integral\ndel edificio, proyecto de paisajismo, proyecto de museograf\u00eda, proyecto de\nseguridad, proyecto de estructuras y modelo de gesti\u00f3n, entre otras\ncaracter\u00edsticas.<\/p>\n\n\n\n<p>El proyecto comprende un total de 2.251 m2 construidos a intervenir y 620\nm2 aproximadamente&nbsp; en obras exteriores.<\/p>\n\n\n\n<p>Se\nconsidera para la ejecuci\u00f3n del dise\u00f1o financiamiento con recursos FNDR &#8211;\nSUBDERE,&nbsp; por un monto de $214.800.000.<\/p>\n","protected":false},"excerpt":{"rendered":"<p>Se efectu\u00f3 la segunda reuni\u00f3n de participaci\u00f3n ciudadana, por eldise\u00f1o para la Restauraci\u00f3n y Habilitaci\u00f3n del Museo Militar Austral en el Palacio Jos\u00e9 Men\u00e9ndez, proyecto a cargo de la Direcci\u00f3n&#8230; <a class=\"read-more\" href=\"https:\/\/www.radiopresidenteibanez.cl\/web\/mop-realiza-segunda-reunion-de-participacion-ciudadana-por-proyecto-para-rehabilitar-museo-militar\/\">Leer m\u00e1s<\/a><\/p>\n","protected":false},"author":2,"featured_media":1462,"comment_status":"closed","ping_status":"closed","sticky":false,"template":"","format":"standard","meta":{"footnotes":""},"categories":[1],"tags":[],"class_list":["post-1461","post","type-post","status-publish","format-standard","has-post-thumbnail","hentry","category-cronica"],"_links":{"self":[{"href":"https:\/\/www.radiopresidenteibanez.cl\/web\/wp-json\/wp\/v2\/posts\/1461","targetHints":{"allow":["GET"]}}],"collection":[{"href":"https:\/\/www.radiopresidenteibanez.cl\/web\/wp-json\/wp\/v2\/posts"}],"about":[{"href":"https:\/\/www.radiopresidenteibanez.cl\/web\/wp-json\/wp\/v2\/types\/post"}],"author":[{"embeddable":true,"href":"https:\/\/www.radiopresidenteibanez.cl\/web\/wp-json\/wp\/v2\/users\/2"}],"replies":[{"embeddable":true,"href":"https:\/\/www.radiopresidenteibanez.cl\/web\/wp-json\/wp\/v2\/comments?post=1461"}],"version-history":[{"count":0,"href":"https:\/\/www.radiopresidenteibanez.cl\/web\/wp-json\/wp\/v2\/posts\/1461\/revisions"}],"wp:featuredmedia":[{"embeddable":true,"href":"https:\/\/www.radiopresidenteibanez.cl\/web\/wp-json\/wp\/v2\/media\/1462"}],"wp:attachment":[{"href":"https:\/\/www.radiopresidenteibanez.cl\/web\/wp-json\/wp\/v2\/media?parent=1461"}],"wp:term":[{"taxonomy":"category","embeddable":true,"href":"https:\/\/www.radiopresidenteibanez.cl\/web\/wp-json\/wp\/v2\/categories?post=1461"},{"taxonomy":"post_tag","embeddable":true,"href":"https:\/\/www.radiopresidenteibanez.cl\/web\/wp-json\/wp\/v2\/tags?post=1461"}],"curies":[{"name":"wp","href":"https:\/\/api.w.org\/{rel}","templated":true}]}}