{"id":14607,"date":"2020-09-07T14:18:30","date_gmt":"2020-09-07T14:18:30","guid":{"rendered":"https:\/\/www.radiopresidenteibanez.cl\/web\/?p=14607"},"modified":"2020-09-07T14:18:42","modified_gmt":"2020-09-07T14:18:42","slug":"un-plebiscito-para-la-paz-por-ernesto-sepulveda-tornero","status":"publish","type":"post","link":"https:\/\/www.radiopresidenteibanez.cl\/web\/un-plebiscito-para-la-paz-por-ernesto-sepulveda-tornero\/","title":{"rendered":"UN PLEBISCITO PARA LA PAZ por Ernesto Sep\u00falveda Tornero"},"content":{"rendered":"\n<p>Este fin de semana, encontr\u00e9 en YouTube un programa \u201cInforme\nespecial\u201d, sobre el per\u00edodo, posterior al triunfo del NO. Una etapa cubierta\npor una nebulosa, que va desde el 5 de octubre de 1988, hasta las elecciones\npresidenciales y parlamentarias de diciembre de 1989.&nbsp; En ese per\u00edodo, los representantes de la\nConcertaci\u00f3n de partidos por la democracia (por ese entonces integrada por 17\npartidos), pactaron con las autoridades del r\u00e9gimen de Pinochet. Fueron\nnegociaciones que encabez\u00f3 por el gobierno, el ministro, Carlos C\u00e1ceres,\neconomista, nombrado en reemplazo de Sergio Fern\u00e1ndez. Este, era considerado\nm\u00e1s duro, y hab\u00eda sido el jefe de campa\u00f1a de la opci\u00f3n SI. Se deb\u00eda dictar una\nserie de disposiciones legales, y reglamentos para que pudieran realizarse las\nelecciones libres y democr\u00e1ticas, por primera vez en 19 a\u00f1os.<\/p>\n\n\n\n<p>Visto en retrospectiva, este per\u00edodo de nuestra historia, parece ahora mucho menos heroico y patri\u00f3tico, que lo que les pareci\u00f3 a sus protagonistas en aquel tiempo. Sin embargo, el realismo pol\u00edtico debi\u00f3 primar, ya que se estaba en un proceso in\u00e9dito, en que un dictador era sacado del poder a trav\u00e9s de sus propias reglas. La victoria del 5 de octubre, dej\u00f3 un sabor de dulce y agraz, ya que quienes votaron para que el tirano continuara gobernando, 8 a\u00f1os m\u00e1s, sumaron el 44% de los votos. La transici\u00f3n a la democracia, se iniciaba con un pa\u00eds dividido en dos.<\/p>\n\n\n\n<p>En diciembre de 1989, la Concertaci\u00f3n gan\u00f3 las elecciones presidenciales. Fueron cuatro elecciones sucesivas. Un per\u00edodo de veinte a\u00f1os consecutivos, Chile vivi\u00f3 el per\u00edodo de mayor estabilidad social, pol\u00edtica y econ\u00f3mica. Ninguna de las predicciones que hicieron los partidarios del dictador se cumplieron. No hubo caos, no nos transformamos en una dictadura comunista. Se respet\u00f3 los derechos humanos y la libertad econ\u00f3mica. Sin embargo, la herencia del pasado autoritario, permaneci\u00f3 presente por muchos a\u00f1os. Los senadores designados, la inamovilidad de los comandantes en jefe de las FFAA, y del general director de Carabineros. El sistema electoral binominal, fue lo \u00faltimo que pudo reformarse, para la elecci\u00f3n de 2017.\u00a0 <\/p>\n\n\n\n<p>La alternancia en el poder, vino a consolidar el sistema democr\u00e1tico chileno, en dos ocasiones en 2013 y 2017, un candidato de derecha, gan\u00f3 las elecciones presidenciales.\u00a0 El traspaso del poder se produjo en paz, y las instituciones de la rep\u00fablica continuaron funcionando.<\/p>\n\n\n\n<p>Pero, hab\u00eda un malestar latente, una desafecci\u00f3n con la pol\u00edtica, que se acrecent\u00f3 con el voto voluntario. Menos de un 40% del electorado participa hoy en los procesos electorales.\u00a0 Las expresiones de descontento social, el reclamo persistente en contra de la desigualdad, la incapacidad de las instituciones democr\u00e1tica de canalizar, estas demandas. Son algunas de las razones del denominado \u201cestallido social\u201d de octubre de 2019.<\/p>\n\n\n\n<p>Nos vemos hoy, en medio de un proceso in\u00e9dito en nuestra historia. Las multitudinarias movilizaciones sociales, sobrepasaron la institucionalidad pol\u00edtica, gobierno, parlamento. El oficialismo y los opositores, se vieron obligados a tramitar de apuro, una reforma a la constituci\u00f3n del 80\u2019, que permitiera la realizaci\u00f3n de un plebiscito, para decidir el cambio de la constituci\u00f3n y el mecanismo. Y as\u00ed, en menos de 60 d\u00edas, viviremos en Chile una instancia hist\u00f3rica. Podremos votar por reemplazar a la constituci\u00f3n de 1980, por una constituci\u00f3n nacida \u00edntegramente nacida en democracia.<\/p>\n\n\n\n<p>La historia nos da la oportunidad de sanar las heridas del pasado. Nos da la oportunidad de decidir en paz, nuestro destino como sociedad. Ning\u00fan sector pol\u00edtico tiene en Chile, la capacidad ni el apoyo popular, para imponer por s\u00ed s\u00f3lo un nuevo modelo de sociedad. Se equivocan quienes creen que se establecer\u00e1 un sistema de econom\u00eda central planificado, quienes creen que se va a conculcar el derecho de propiedad. No se impondr\u00e1 ni un modelo chavista ni pro cubano. No hay que temer tampoco, que los nost\u00e1lgicos del autoritarismo logren imponer de vuelta, normas que limiten las libertades, o restrinjan derechos sociales.<\/p>\n\n\n\n<p>Estamos llamados a asumir nuestra responsabilidad. Partidarios del apruebo y del rechazo, a la nueva constituci\u00f3n, tiene por igual, el derecho, y el deber de votar informados. Sin discursos del terror, sin noticias falsas. Debemos asumir que nuestro pa\u00eds, es diverso en el plano social, cultural y pol\u00edtico, y nuestra carta magna, debe reflejar esta amalgama. <\/p>\n\n\n\n<p>Treinta y dos a\u00f1os despu\u00e9s del plebiscito del 5 de octubre, que abri\u00f3 el paso a la libertad y a la democracia, de la que hemos gozado hasta ahora. Estamos llamados a volver a las urnas.\u00a0 Tal como dijimos el a\u00f1o 1988, sin odio, sin violencia, el 25 de octubre diremos apruebo y convenci\u00f3n constitucional.<\/p>\n\n\n\n<p>Con esperanzas y con anhelos de paz, de entendimiento, para que seamos todos sin distinci\u00f3n en nuestra patria, due\u00f1os de nuestro propio destino.<\/p>\n\n\n\n<p>Ernesto Sep\u00falveda Tornero<\/p>\n","protected":false},"excerpt":{"rendered":"<p>Este fin de semana, encontr\u00e9 en YouTube un programa \u201cInforme especial\u201d, sobre el per\u00edodo, posterior al triunfo del NO. Una etapa cubierta por una nebulosa, que va desde el 5&#8230; <a class=\"read-more\" href=\"https:\/\/www.radiopresidenteibanez.cl\/web\/un-plebiscito-para-la-paz-por-ernesto-sepulveda-tornero\/\">Leer m\u00e1s<\/a><\/p>\n","protected":false},"author":2,"featured_media":2310,"comment_status":"closed","ping_status":"closed","sticky":false,"template":"","format":"standard","meta":{"footnotes":""},"categories":[1],"tags":[],"class_list":["post-14607","post","type-post","status-publish","format-standard","has-post-thumbnail","hentry","category-cronica"],"_links":{"self":[{"href":"https:\/\/www.radiopresidenteibanez.cl\/web\/wp-json\/wp\/v2\/posts\/14607","targetHints":{"allow":["GET"]}}],"collection":[{"href":"https:\/\/www.radiopresidenteibanez.cl\/web\/wp-json\/wp\/v2\/posts"}],"about":[{"href":"https:\/\/www.radiopresidenteibanez.cl\/web\/wp-json\/wp\/v2\/types\/post"}],"author":[{"embeddable":true,"href":"https:\/\/www.radiopresidenteibanez.cl\/web\/wp-json\/wp\/v2\/users\/2"}],"replies":[{"embeddable":true,"href":"https:\/\/www.radiopresidenteibanez.cl\/web\/wp-json\/wp\/v2\/comments?post=14607"}],"version-history":[{"count":0,"href":"https:\/\/www.radiopresidenteibanez.cl\/web\/wp-json\/wp\/v2\/posts\/14607\/revisions"}],"wp:featuredmedia":[{"embeddable":true,"href":"https:\/\/www.radiopresidenteibanez.cl\/web\/wp-json\/wp\/v2\/media\/2310"}],"wp:attachment":[{"href":"https:\/\/www.radiopresidenteibanez.cl\/web\/wp-json\/wp\/v2\/media?parent=14607"}],"wp:term":[{"taxonomy":"category","embeddable":true,"href":"https:\/\/www.radiopresidenteibanez.cl\/web\/wp-json\/wp\/v2\/categories?post=14607"},{"taxonomy":"post_tag","embeddable":true,"href":"https:\/\/www.radiopresidenteibanez.cl\/web\/wp-json\/wp\/v2\/tags?post=14607"}],"curies":[{"name":"wp","href":"https:\/\/api.w.org\/{rel}","templated":true}]}}