{"id":14597,"date":"2020-09-05T15:56:35","date_gmt":"2020-09-05T15:56:35","guid":{"rendered":"https:\/\/www.radiopresidenteibanez.cl\/web\/?p=14597"},"modified":"2020-09-05T15:56:41","modified_gmt":"2020-09-05T15:56:41","slug":"minvu-supera-las-2-mil-viviendas-entregadas-en-magallanes-tras-inauguracion-del-loteo-las-flores-en-rio-seco","status":"publish","type":"post","link":"https:\/\/www.radiopresidenteibanez.cl\/web\/minvu-supera-las-2-mil-viviendas-entregadas-en-magallanes-tras-inauguracion-del-loteo-las-flores-en-rio-seco\/","title":{"rendered":"MINVU SUPERA LAS 2 MIL VIVIENDAS ENTREGADAS EN MAGALLANES TRAS INAUGURACI\u00d3N DEL LOTEO LAS FLORES EN R\u00cdO SECO"},"content":{"rendered":"\n<p>\u201cEstas son las primeras viviendas que se entregan desde la Entidad Patrocinante Municipal despu\u00e9s de m\u00e1s de 10 a\u00f1os y seguimos trabajando muy fuerte, porque el segundo semestre comenzaremos con otras 500 viviendas. En cuanto a la calidad del conjunto, valoro que tengan calles y veredas amplias; son casas equipadas con alfombra, calentador y ventanas de gran calidad\u201d. Con esas declaraciones el alcalde de Punta Arenas,&nbsp;<strong>Claudio Radonich<\/strong>, se mostr\u00f3 contento una nueva entrega de viviendas en la capital regional. El Loteo Las Flores en el sector de R\u00edo Seco \u2013 al norte de la ciudad &#8211; fueron entregadas durante ayer y hoy a 125 familias magall\u00e1nicas (con todos los protocolos sanitarios), quienes despu\u00e9s de m\u00e1s varios a\u00f1os de espera, consiguieron el sue\u00f1o de la casa propia.<\/p>\n\n\n\n<p>Durante la jornada de este viernes, el seremi de Vivienda y Urbanismo,&nbsp;<strong>Jos\u00e9 Miguel Horcos<\/strong>&nbsp;y el director regional del Serviu,&nbsp;<strong>Dubalio P\u00e9rez<\/strong>, acompa\u00f1aron a la autoridad comunal a la entrega de este esperado conjunto habitacional perteneciente al Fondo Solidario de Elecci\u00f3n de Vivienda DS49, donde el municipio actu\u00f3 como Entidad Patrocinante y unidad t\u00e9cnica del proyecto en menci\u00f3n.<\/p>\n\n\n\n<p>Para el titular del Minvu,&nbsp;<strong>Jos\u00e9 Miguel Horcos<\/strong>: \u201cEsta entrega constituye un hito importante porque estamos completando 2.095 viviendas entregadas desde que comenz\u00f3 el periodo de gobierno a la fecha. Es relevante porque nuestro trabajo es darle soluci\u00f3n definitiva a la demanda habitacional que tenemos en la regi\u00f3n. En cuanto al conjunto de viviendas, este est\u00e1 totalmente integrado; con sus calles pavimentadas y es un nuevo sector que se est\u00e1 formando en la ciudad de Punta Arenas\u201d.<\/p>\n\n\n\n<p><em>Caracter\u00edsticas<\/em><\/p>\n\n\n\n<p>El director regional de Serviu,&nbsp;<strong>Dubalio P\u00e9rez<\/strong>&nbsp;explic\u00f3 que \u201cson dos agrupaciones las que reciben sus viviendas, \u201cLas Flores\u201d y \u201cUn sue\u00f1o, una realidad\u201d, que nos hace mucho sentido. Un sue\u00f1o que parti\u00f3 el 2007, estamos hablando m\u00e1s de 13 a\u00f1os y hoy d\u00eda en el 2020 es una realidad, le estamos entregando esta soluci\u00f3n a familias que estaban esperando hace mucho tiempo. Son viviendas de 58m2, constan de tres dormitorios, con sitios muy grandes de 170m2, porque en su momento cuando empezaron a desarrollar este proyecto, este sector era rural y ten\u00eda que tener otras condiciones de viviendas y calles amplias\u201d.<\/p>\n\n\n\n<p>&nbsp;En cuanto a la inversi\u00f3n, esta supera los $5.500 millones y una inversi\u00f3n por vivienda de casi 50 millones de pesos. Cabe resaltar el aporte del Gobierno Regional a este y todos los proyectos habitacionales del Minvu que se desarrollan, \u201cporque sin el aporte del Consejo Regional, no podr\u00edamos llegar a esta calidad y cantidad de viviendas que estamos entregando\u201d, manifest\u00f3 el director de Serviu.<\/p>\n","protected":false},"excerpt":{"rendered":"<p>\u201cEstas son las primeras viviendas que se entregan desde la Entidad Patrocinante Municipal despu\u00e9s de m\u00e1s de 10 a\u00f1os y seguimos trabajando muy fuerte, porque el segundo semestre comenzaremos con&#8230; <a class=\"read-more\" href=\"https:\/\/www.radiopresidenteibanez.cl\/web\/minvu-supera-las-2-mil-viviendas-entregadas-en-magallanes-tras-inauguracion-del-loteo-las-flores-en-rio-seco\/\">Leer m\u00e1s<\/a><\/p>\n","protected":false},"author":2,"featured_media":14598,"comment_status":"closed","ping_status":"closed","sticky":false,"template":"","format":"standard","meta":{"footnotes":""},"categories":[1],"tags":[],"class_list":["post-14597","post","type-post","status-publish","format-standard","has-post-thumbnail","hentry","category-cronica"],"_links":{"self":[{"href":"https:\/\/www.radiopresidenteibanez.cl\/web\/wp-json\/wp\/v2\/posts\/14597","targetHints":{"allow":["GET"]}}],"collection":[{"href":"https:\/\/www.radiopresidenteibanez.cl\/web\/wp-json\/wp\/v2\/posts"}],"about":[{"href":"https:\/\/www.radiopresidenteibanez.cl\/web\/wp-json\/wp\/v2\/types\/post"}],"author":[{"embeddable":true,"href":"https:\/\/www.radiopresidenteibanez.cl\/web\/wp-json\/wp\/v2\/users\/2"}],"replies":[{"embeddable":true,"href":"https:\/\/www.radiopresidenteibanez.cl\/web\/wp-json\/wp\/v2\/comments?post=14597"}],"version-history":[{"count":0,"href":"https:\/\/www.radiopresidenteibanez.cl\/web\/wp-json\/wp\/v2\/posts\/14597\/revisions"}],"wp:featuredmedia":[{"embeddable":true,"href":"https:\/\/www.radiopresidenteibanez.cl\/web\/wp-json\/wp\/v2\/media\/14598"}],"wp:attachment":[{"href":"https:\/\/www.radiopresidenteibanez.cl\/web\/wp-json\/wp\/v2\/media?parent=14597"}],"wp:term":[{"taxonomy":"category","embeddable":true,"href":"https:\/\/www.radiopresidenteibanez.cl\/web\/wp-json\/wp\/v2\/categories?post=14597"},{"taxonomy":"post_tag","embeddable":true,"href":"https:\/\/www.radiopresidenteibanez.cl\/web\/wp-json\/wp\/v2\/tags?post=14597"}],"curies":[{"name":"wp","href":"https:\/\/api.w.org\/{rel}","templated":true}]}}