{"id":14594,"date":"2020-09-07T04:03:09","date_gmt":"2020-09-07T04:03:09","guid":{"rendered":"https:\/\/www.radiopresidenteibanez.cl\/web\/?p=14594"},"modified":"2020-09-05T15:54:17","modified_gmt":"2020-09-05T15:54:17","slug":"nueve-pacientes-de-puerto-williams-fueron-atendidos-por-especialistas-hcm-a-traves-de-telemedicina","status":"publish","type":"post","link":"https:\/\/www.radiopresidenteibanez.cl\/web\/nueve-pacientes-de-puerto-williams-fueron-atendidos-por-especialistas-hcm-a-traves-de-telemedicina\/","title":{"rendered":"NUEVE PACIENTES DE PUERTO WILLIAMS FUERON ATENDIDOS POR ESPECIALISTAS HCM A TRAV\u00c9S DE TELEMEDICINA"},"content":{"rendered":"\n<p>Dado el contexto de la pandemia actual &nbsp;y la imposibilidad de tener controles de\nespecialidad presenciales, la Unidad de Telemedicina del Hospital Cl\u00ednico\nMagallanes (HCM) trabaja con los hospitales provinciales para atender &nbsp;pacientes en lista de espera a trav\u00e9s de\nteleconsulta. <\/p>\n\n\n\n<p>Esta semana se inici\u00f3 la atenci\u00f3n de pacientes de\nPuerto Williams, la cual culmin\u00f3 con nueve pacientes atendidos: siete de\nneurolog\u00eda y dos de neurocirug\u00eda. La modalidad de atenci\u00f3n de pacientes nuevos\nse realiz\u00f3 desde el Hospital Provincial Cristina Calder\u00f3n con el apoyo de\nla&nbsp; Dra. Astrid Schmilinski permitiendo\nla conexi\u00f3n con especialista HCM y &nbsp;resolver situaci\u00f3n de salud pendiente de los\nusuarios. <\/p>\n\n\n\n<p>Una de las personas que fueron atendidas bajo esta\nmodalidad fue&nbsp; Carla Melill\u00e1n Campos de\n32 a\u00f1os, quien&nbsp; se\u00f1al\u00f3: \u201cEstas instancias\nson muy buenas porque nos dan la posibilidad de no viajar porque para nosotros\nes complicado salir de la isla. A pesar de que el m\u00e9dico&nbsp; estaba al otro lado de la pantalla, la\natenci\u00f3n fue muy buena porque fue completa y con el apoyo de los m\u00e9dicos\nlocales que segu\u00edan las instrucciones\u201d. <\/p>\n\n\n\n<p>En tanto el Dr. Javier Gaete, neur\u00f3logo,\ncoordinador de la Unidad de Telemedicina HCM agreg\u00f3 que: \u201cPara nosotros esto es\nmuy importante porque permite que aun cuando, estando en una situaci\u00f3n de\npandemia, nuestros pacientes puedan recibir la atenci\u00f3n que necesitan.&nbsp; En todos los casos, los usuarios pudieron\nresolver su situaci\u00f3n de salud; en algunos casos se va a requerir ex\u00e1menes\ncomplementarios y volver\u00e1n a ser controlados en tres meses m\u00e1s a trav\u00e9s de la\nmisma modalidad.\u201d<\/p>\n\n\n\n<p>Cabe destacar que en la especialidad de neurolog\u00eda, los controles de telemedicina se realizan desde mayo de este a\u00f1o y a la fecha m\u00e1s de 170 personas han accedido a este tipo de atenci\u00f3n remota. <\/p>\n\n\n\n<p>El plan de incorporaci\u00f3n de pacientes nuevos que\nest\u00e1n en lista de espera es un proceso que ir\u00e1 implement\u00e1ndose gradualmente en\notras especialidades m\u00e9dicas tales como: urolog\u00eda, traumatolog\u00eda, cardiolog\u00eda,\nneurolog\u00eda infantil, pediatr\u00eda, entre otros. <\/p>\n","protected":false},"excerpt":{"rendered":"<p>Dado el contexto de la pandemia actual &nbsp;y la imposibilidad de tener controles de especialidad presenciales, la Unidad de Telemedicina del Hospital Cl\u00ednico Magallanes (HCM) trabaja con los hospitales provinciales&#8230; <a class=\"read-more\" href=\"https:\/\/www.radiopresidenteibanez.cl\/web\/nueve-pacientes-de-puerto-williams-fueron-atendidos-por-especialistas-hcm-a-traves-de-telemedicina\/\">Leer m\u00e1s<\/a><\/p>\n","protected":false},"author":2,"featured_media":14595,"comment_status":"closed","ping_status":"closed","sticky":false,"template":"","format":"standard","meta":{"footnotes":""},"categories":[1],"tags":[],"class_list":["post-14594","post","type-post","status-publish","format-standard","has-post-thumbnail","hentry","category-cronica"],"_links":{"self":[{"href":"https:\/\/www.radiopresidenteibanez.cl\/web\/wp-json\/wp\/v2\/posts\/14594","targetHints":{"allow":["GET"]}}],"collection":[{"href":"https:\/\/www.radiopresidenteibanez.cl\/web\/wp-json\/wp\/v2\/posts"}],"about":[{"href":"https:\/\/www.radiopresidenteibanez.cl\/web\/wp-json\/wp\/v2\/types\/post"}],"author":[{"embeddable":true,"href":"https:\/\/www.radiopresidenteibanez.cl\/web\/wp-json\/wp\/v2\/users\/2"}],"replies":[{"embeddable":true,"href":"https:\/\/www.radiopresidenteibanez.cl\/web\/wp-json\/wp\/v2\/comments?post=14594"}],"version-history":[{"count":0,"href":"https:\/\/www.radiopresidenteibanez.cl\/web\/wp-json\/wp\/v2\/posts\/14594\/revisions"}],"wp:featuredmedia":[{"embeddable":true,"href":"https:\/\/www.radiopresidenteibanez.cl\/web\/wp-json\/wp\/v2\/media\/14595"}],"wp:attachment":[{"href":"https:\/\/www.radiopresidenteibanez.cl\/web\/wp-json\/wp\/v2\/media?parent=14594"}],"wp:term":[{"taxonomy":"category","embeddable":true,"href":"https:\/\/www.radiopresidenteibanez.cl\/web\/wp-json\/wp\/v2\/categories?post=14594"},{"taxonomy":"post_tag","embeddable":true,"href":"https:\/\/www.radiopresidenteibanez.cl\/web\/wp-json\/wp\/v2\/tags?post=14594"}],"curies":[{"name":"wp","href":"https:\/\/api.w.org\/{rel}","templated":true}]}}