{"id":14591,"date":"2020-09-05T15:52:53","date_gmt":"2020-09-05T15:52:53","guid":{"rendered":"https:\/\/www.radiopresidenteibanez.cl\/web\/?p=14591"},"modified":"2020-09-05T15:52:58","modified_gmt":"2020-09-05T15:52:58","slug":"red-asistencial-genera-nuevas-estrategias-para-hacer-frente-al-covid-19","status":"publish","type":"post","link":"https:\/\/www.radiopresidenteibanez.cl\/web\/red-asistencial-genera-nuevas-estrategias-para-hacer-frente-al-covid-19\/","title":{"rendered":"RED ASISTENCIAL GENERA NUEVAS ESTRATEGIAS PARA HACER FRENTE AL COVID-19"},"content":{"rendered":"\n<p>A seis meses de la llegada del COVID-19\na nuestro pa\u00eds, el director del Servicio de Salud Magallanes, Nelson Reyes\nSilva, destac\u00f3 que, en la regi\u00f3n desde un primer momento se ha trabajado con\nuna mirada integradora frente a la pandemia, convocando a establecimientos\np\u00fablicos y privados, adem\u00e1s de otros actores locales y regionales, a fin de\nconformar la Red Integrada COVID_19.<\/p>\n\n\n\n<p>La autoridad de salud coment\u00f3 que los desaf\u00edos\nfueron diversos, desde como dar respuesta oportuna a la comunidad en cuanto la\nentrega de resultados de an\u00e1lisis por Sars-CoV-2, considerando que no se\ncontaba en la regi\u00f3n con laboratorios de biolog\u00eda molecular; el aumentar el\nn\u00famero de camas cr\u00edticas, la capacidad ventilatoria y el recurso humano\nespecializado para el Hospital Cl\u00ednico Magallanes; a lo que se debe sumar la alta\ndemanda de atenci\u00f3n de COVID-19 + en la primera ola y el importante n\u00famero de\nfuncionarios que se contagiaron de COVID-19.<\/p>\n\n\n\n<p>Se\u00f1alando Nelson Reyes que, si bien se\nha avanzado en c\u00f3mo enfrentar la pandemia desde el punto de vista cl\u00ednico, se\nnecesita del compromiso de todos para disminuir los casos. \u201cEstos meses han\nsido duros para nuestra regi\u00f3n, porque la pandemia no es algo que afecte s\u00f3lo a\nnuestro sector, sino que afecta transversalmente a toda nuestra comunidad y a\nnuestros funcionarios, es as\u00ed como en estos momentos registramos en nuestra Red\nAsistencial, considerando a nuestros 4 establecimientos hospitalarios, los establecimientos\nde Atenci\u00f3n Primaria, SAMU, Salud Mental y Direcci\u00f3n de Servicio, 100\nfuncionarios positivos y 112 &nbsp;en\ncuarentena preventiva por contacto estrecho\u201d, indic\u00f3.<\/p>\n\n\n\n<p>De igual forma, el director de Servicio,\nreiter\u00f3 que la evoluci\u00f3n del COVID-19 ha sido din\u00e1mica, lo que ha obligado a\nmodificar la planificaci\u00f3n previa, generando nuevas estrategias que permitan a\nla Red brindar las atenciones necesarias. \u201cHemos retomado los egresos por\ntraslado de pacientes COVID-19 a la Regi\u00f3n Metropolitana de hecho, desde el 27\nde agosto registramos 3 pacientes FONASA trasladados hasta el Hospital\nMetropolitano\u201d, enfatiz\u00f3 el director Reyes.<\/p>\n\n\n\n<p>Agregando el Director de Servicio que, como\nuna forma de fortalecer la gesti\u00f3n de camas del Hospital Cl\u00ednico Magallanes, desde\nhoy y durante el fin de semana, se realizar\u00e1 el traslado de 5 pacientes\nsociosanitarios (personas que no poseen redes de apoyo suficiente para el\ncuidado de su salud, sumado a riesgo social), 4 al Hospital Dr. Augusto Essmann\nBurgos de Puerto Natales y uno, al Hospital Dr. Marco Chamorro Iglesias de\nPorvenir.<\/p>\n\n\n\n<p>De igual forma, Nelson Reyes, coment\u00f3\nque en contexto de la estrategia de Trazabilidad, Testeo y Aislamiento TTA y\nB\u00fasqueda Activa BAC, lideradas por SEREMI de Salud, el Servicio a trav\u00e9s del\nequipo de Seguimiento y Atenci\u00f3n Domiciliaria, los equipos de los hospitales\ncomunitarios y los equipos pertenecientes a los establecimientos de Atenci\u00f3n\nPrimaria, se encuentran trabajando en aumentar la pesquisa y trazabilidad, \u201cdebemos\nsalir a buscar posibles casos positivos, especialmente ahora que los casos\nasintom\u00e1ticos han aumentado\u201d, puntualiz\u00f3.<\/p>\n\n\n\n<p>Finalmente, la autoridad junto con\nreiterar el compromiso del sector salud con la atenci\u00f3n de la poblaci\u00f3n, efectu\u00f3\nun llamado a la comunidad magall\u00e1nica a respetar la cuarentena y reforzar las\nmedidas de prevenci\u00f3n indicadas, referidas al lavado frecuente de manos,\nmantener la distancia social, utilizar mascarilla y especialmente quedarse en casa\ndurante este periodo.<\/p>\n","protected":false},"excerpt":{"rendered":"<p>A seis meses de la llegada del COVID-19 a nuestro pa\u00eds, el director del Servicio de Salud Magallanes, Nelson Reyes Silva, destac\u00f3 que, en la regi\u00f3n desde un primer momento&#8230; <a class=\"read-more\" href=\"https:\/\/www.radiopresidenteibanez.cl\/web\/red-asistencial-genera-nuevas-estrategias-para-hacer-frente-al-covid-19\/\">Leer m\u00e1s<\/a><\/p>\n","protected":false},"author":2,"featured_media":14592,"comment_status":"closed","ping_status":"closed","sticky":false,"template":"","format":"standard","meta":{"footnotes":""},"categories":[1],"tags":[],"class_list":["post-14591","post","type-post","status-publish","format-standard","has-post-thumbnail","hentry","category-cronica"],"_links":{"self":[{"href":"https:\/\/www.radiopresidenteibanez.cl\/web\/wp-json\/wp\/v2\/posts\/14591","targetHints":{"allow":["GET"]}}],"collection":[{"href":"https:\/\/www.radiopresidenteibanez.cl\/web\/wp-json\/wp\/v2\/posts"}],"about":[{"href":"https:\/\/www.radiopresidenteibanez.cl\/web\/wp-json\/wp\/v2\/types\/post"}],"author":[{"embeddable":true,"href":"https:\/\/www.radiopresidenteibanez.cl\/web\/wp-json\/wp\/v2\/users\/2"}],"replies":[{"embeddable":true,"href":"https:\/\/www.radiopresidenteibanez.cl\/web\/wp-json\/wp\/v2\/comments?post=14591"}],"version-history":[{"count":0,"href":"https:\/\/www.radiopresidenteibanez.cl\/web\/wp-json\/wp\/v2\/posts\/14591\/revisions"}],"wp:featuredmedia":[{"embeddable":true,"href":"https:\/\/www.radiopresidenteibanez.cl\/web\/wp-json\/wp\/v2\/media\/14592"}],"wp:attachment":[{"href":"https:\/\/www.radiopresidenteibanez.cl\/web\/wp-json\/wp\/v2\/media?parent=14591"}],"wp:term":[{"taxonomy":"category","embeddable":true,"href":"https:\/\/www.radiopresidenteibanez.cl\/web\/wp-json\/wp\/v2\/categories?post=14591"},{"taxonomy":"post_tag","embeddable":true,"href":"https:\/\/www.radiopresidenteibanez.cl\/web\/wp-json\/wp\/v2\/tags?post=14591"}],"curies":[{"name":"wp","href":"https:\/\/api.w.org\/{rel}","templated":true}]}}