{"id":14589,"date":"2020-09-05T15:50:43","date_gmt":"2020-09-05T15:50:43","guid":{"rendered":"https:\/\/www.radiopresidenteibanez.cl\/web\/?p=14589"},"modified":"2020-09-05T15:50:49","modified_gmt":"2020-09-05T15:50:49","slug":"concejal-german-flores-llamo-al-intendente-a-defender-la-salud-de-los-magallanicos-por-sobre-esta-medida-centralista","status":"publish","type":"post","link":"https:\/\/www.radiopresidenteibanez.cl\/web\/concejal-german-flores-llamo-al-intendente-a-defender-la-salud-de-los-magallanicos-por-sobre-esta-medida-centralista\/","title":{"rendered":"CONCEJAL GERM\u00c1N FLORES: \u201cLLAMO AL INTENDENTE A DEFENDER LA SALUD DE LOS MAGALL\u00c1NICOS POR SOBRE ESTA MEDIDA CENTRALISTA\u201d"},"content":{"rendered":"\n<p>\u201cEl intendente Jos\u00e9 Fern\u00e1ndez es\nla m\u00e1xima autoridad regional y como tal debe ejercer un liderazgo acorde a su\ncargo, por lo que est\u00e1 llamado, al igual como lo hizo el intendente de la regi\u00f3n\ndel Bio Bio, para alzar la voz en favor de los magall\u00e1nicos, solicit\u00e1ndole al\nPresidente de la Rep\u00fablica y al Ministro de Salud, que el anuncio con motivo de\nlas fiestas patrias, no se aplique en la comuna de Punta Arenas\u201d.<\/p>\n\n\n\n<p>Con estas palabras el concejal de\nla comuna Germ\u00e1n Flores hizo un llamado al intendente regional, para que asuma\nun rol protag\u00f3nico en defensa de la salud de las personas por sobre una medida\ncentralista, que es rechazada en forma transversal por la comunidad puntarenense,\nconsiderando la cr\u00edtica situaci\u00f3n epidemiol\u00f3gica que estamos enfrentando por los\ncontagios del coronavirus.<\/p>\n\n\n\n<p>\u201cLlevamos m\u00e1s de una semana con\nalarmantes cifras sobre de cien casos diarios, por lo que nadie entiende c\u00f3mo las\nautoridades nacionales y regionales de gobierno no son capaces de reaccionar y\ndejar sin efecto este anuncio para nuestra comuna. Lamentablemente como\nconcejales y como municipalidad estamos con las manos atadas, pues no depende\nde nosotros, por eso hago este llamado con mucha fuerza, pero en forma respetuosa\na quien es el representante del Presidente de la Rep\u00fablica en Magallanes, el\nintendente Jos\u00e9 Fern\u00e1ndez\u201d, agreg\u00f3 Germ\u00e1n Flores.<\/p>\n\n\n\n<p>&nbsp;Seguidamente dijo, \u201cactualmente hay m\u00e1s de 104\npersonas internadas por coronavirus en el Hospital Cl\u00ednico de Magallanes, tenemos\ncerca del 90% de la capacidad hospitalaria copada, se est\u00e1n trasladando pacientes\ncontagiados al norte del pa\u00eds y en las \u00faltimas horas se anunci\u00f3 que pacientes con\notras patolog\u00edas ser\u00e1n derivados a Puerto Natales, por lo tanto hay una clara\nevidencia que estamos enfrentando una ola de contagios que es alarmante, de ah\u00ed\nmi preocupaci\u00f3n no solo como concejal, sino como vecino de esta comuna que est\u00e1\npreocupada de lo que estamos viviendo\u201d.<\/p>\n\n\n\n<p>Finalmente, el concejal Germ\u00e1n\nFlores se\u00f1al\u00f3 que su petici\u00f3n la hace a nombre de los habitantes de la ciudad, quienes\nse sienten indefensos ante esta imposici\u00f3n que se est\u00e1 haciendo desde un\nescritorio de La Moneda.<\/p>\n","protected":false},"excerpt":{"rendered":"<p>\u201cEl intendente Jos\u00e9 Fern\u00e1ndez es la m\u00e1xima autoridad regional y como tal debe ejercer un liderazgo acorde a su cargo, por lo que est\u00e1 llamado, al igual como lo hizo&#8230; <a class=\"read-more\" href=\"https:\/\/www.radiopresidenteibanez.cl\/web\/concejal-german-flores-llamo-al-intendente-a-defender-la-salud-de-los-magallanicos-por-sobre-esta-medida-centralista\/\">Leer m\u00e1s<\/a><\/p>\n","protected":false},"author":2,"featured_media":13102,"comment_status":"closed","ping_status":"closed","sticky":false,"template":"","format":"standard","meta":{"footnotes":""},"categories":[1],"tags":[],"class_list":["post-14589","post","type-post","status-publish","format-standard","has-post-thumbnail","hentry","category-cronica"],"_links":{"self":[{"href":"https:\/\/www.radiopresidenteibanez.cl\/web\/wp-json\/wp\/v2\/posts\/14589","targetHints":{"allow":["GET"]}}],"collection":[{"href":"https:\/\/www.radiopresidenteibanez.cl\/web\/wp-json\/wp\/v2\/posts"}],"about":[{"href":"https:\/\/www.radiopresidenteibanez.cl\/web\/wp-json\/wp\/v2\/types\/post"}],"author":[{"embeddable":true,"href":"https:\/\/www.radiopresidenteibanez.cl\/web\/wp-json\/wp\/v2\/users\/2"}],"replies":[{"embeddable":true,"href":"https:\/\/www.radiopresidenteibanez.cl\/web\/wp-json\/wp\/v2\/comments?post=14589"}],"version-history":[{"count":0,"href":"https:\/\/www.radiopresidenteibanez.cl\/web\/wp-json\/wp\/v2\/posts\/14589\/revisions"}],"wp:featuredmedia":[{"embeddable":true,"href":"https:\/\/www.radiopresidenteibanez.cl\/web\/wp-json\/wp\/v2\/media\/13102"}],"wp:attachment":[{"href":"https:\/\/www.radiopresidenteibanez.cl\/web\/wp-json\/wp\/v2\/media?parent=14589"}],"wp:term":[{"taxonomy":"category","embeddable":true,"href":"https:\/\/www.radiopresidenteibanez.cl\/web\/wp-json\/wp\/v2\/categories?post=14589"},{"taxonomy":"post_tag","embeddable":true,"href":"https:\/\/www.radiopresidenteibanez.cl\/web\/wp-json\/wp\/v2\/tags?post=14589"}],"curies":[{"name":"wp","href":"https:\/\/api.w.org\/{rel}","templated":true}]}}