{"id":14586,"date":"2020-09-07T03:52:54","date_gmt":"2020-09-07T03:52:54","guid":{"rendered":"https:\/\/www.radiopresidenteibanez.cl\/web\/?p=14586"},"modified":"2020-09-05T15:48:09","modified_gmt":"2020-09-05T15:48:09","slug":"finaliza-intervencion-artistica-de-ninos-a-traves-del-programa-quiero-mi-barrio-de-puerto-natales","status":"publish","type":"post","link":"https:\/\/www.radiopresidenteibanez.cl\/web\/finaliza-intervencion-artistica-de-ninos-a-traves-del-programa-quiero-mi-barrio-de-puerto-natales\/","title":{"rendered":"FINALIZA INTERVENCI\u00d3N ART\u00cdSTICA DE NI\u00d1OS A TRAV\u00c9S DEL PROGRAMA \u201cQUIERO MI BARRIO\u201d DE PUERTO NATALES"},"content":{"rendered":"\n<p>En el marco del Plan de Gesti\u00f3n Social del\nPrograma Quiero Mi Barrio del Ministerio de Vivienda y Urbanismo, que es\nejecutado en alianza con la Ilustre Municipalidad de Natales, finaliz\u00f3 con\n\u00e9xito la actividad de intervenci\u00f3n art\u00edstica \u201cyo pinto mi barrio, ponle color\u201d\nejecutada por los ni\u00f1os de la Poblaci\u00f3n Estadio y el barrio Natales Antiguo.<\/p>\n\n\n\n<p>La actividad se desarroll\u00f3 en el mes de\nagosto, enmarcada en el d\u00eda del ni\u00f1o y fue posible gracias a la entrega de\nmateriales por parte de la Secretar\u00eda Regional Ministerial de la cartera y la\nUnidad de Gesti\u00f3n Territorial del Municipio, quienes entregaron a 50 ni\u00f1os\ninscritos un set de t\u00e9mperas y pinceles para plasmar un dibujo a libre\nelecci\u00f3n.<\/p>\n\n\n\n<p>Al alero de dicha actividad, el alcalde de\nNatales, Fernando Paredes Mansilla, valor\u00f3 y destac\u00f3 el entusiasmo de los ni\u00f1os\nquienes plasmaron su dibujo en sus barrios, inform\u00f3 que \u201cEntendemos que\nnuestros adultos mayores y ni\u00f1os son los que m\u00e1s han sufrido este encierro\ndebido a la pandemia, por lo mismo generarle este tipo de actividades logramos\nfomentar su creatividad y tambi\u00e9n liberar estr\u00e9s. Creo que finalmente logran un\nsentido de pertenencia con el barrio y estas son las cosas significativas que\nse logran en este tipo de programa\u201d. <\/p>\n\n\n\n<p>De igual manera, el Seremi de Vivienda y\nUrbanismo, Jos\u00e9 Miguel Horcos, a trav\u00e9s de un mensaje de saludo digital,\nfelicit\u00f3 la participaci\u00f3n que mostraron los ni\u00f1os y ni\u00f1as que intervinieron su\nbarrio, expres\u00f3 que \u201ccomo Ministerio de Vivienda y Urbanismo a cargo del\nPrograma Quiero Mi Barrio en alianza con la Ilustre Municipalidad de Natales, y\nen nombre de nuestro Ministro Felipe Ward Edwards, nos sumamos al saludo en su\nd\u00eda a todos los ni\u00f1os y ni\u00f1as de la regi\u00f3n, y en especial del barrio Natales\nAntiguo-Poblaci\u00f3n Estadio. Junto&nbsp; con\nello felicitar al alcalde y sus incansables equipos municipales del programa\npor haber impulsado esta linda iniciativa \u201cPinto mi Barrio\u201d, donde los ni\u00f1os\npodr\u00e1n recrearse de manera de mitigar los efectos negativos que puede tener el\nencierro por motivos sanitarios, y al mismo tiempo fortalecer la participaci\u00f3n\nde la familia en las actividades del barrio\u201d.<\/p>\n\n\n\n<p>El programa Quiero Mi Barrio del Ministerio\nde Vivienda y Urbanismo tiene como principal objetivo mejorar la calidad de\nvida de las personas a trav\u00e9s de procesos participativos entre el municipio y\nla propia comunidad. Precisamente, esta actividad tuvo como foco central\npropiciar la participaci\u00f3n de menores de edad, poner en valor la creatividad de\nellos y fortalecer la salud mental de una poblaci\u00f3n que se ha visto con mayores\nrestricciones. <\/p>\n\n\n\n<p>Finalmente, la mam\u00e1 de dos ni\u00f1os que\nparticiparon de esta actividad agradeci\u00f3 el trabajo y preocupaci\u00f3n que tiene el\nmunicipio para lidiar los tiempos de pandemia que se vive actualmente, se\u00f1al\u00f3\nque \u201cEsta iniciativa es maravillosa, los ni\u00f1os se distraen, realizan otras\nactividades, pueden enfocarse y expresarse de alguna manera y comenzar un\nproceso de irse acostumbrando a todo lo que significa nuestra nueva forma de\nvivir\u201d. <\/p>\n","protected":false},"excerpt":{"rendered":"<p>En el marco del Plan de Gesti\u00f3n Social del Programa Quiero Mi Barrio del Ministerio de Vivienda y Urbanismo, que es ejecutado en alianza con la Ilustre Municipalidad de Natales,&#8230; <a class=\"read-more\" href=\"https:\/\/www.radiopresidenteibanez.cl\/web\/finaliza-intervencion-artistica-de-ninos-a-traves-del-programa-quiero-mi-barrio-de-puerto-natales\/\">Leer m\u00e1s<\/a><\/p>\n","protected":false},"author":2,"featured_media":14587,"comment_status":"closed","ping_status":"closed","sticky":false,"template":"","format":"standard","meta":{"footnotes":""},"categories":[1],"tags":[],"class_list":["post-14586","post","type-post","status-publish","format-standard","has-post-thumbnail","hentry","category-cronica"],"_links":{"self":[{"href":"https:\/\/www.radiopresidenteibanez.cl\/web\/wp-json\/wp\/v2\/posts\/14586","targetHints":{"allow":["GET"]}}],"collection":[{"href":"https:\/\/www.radiopresidenteibanez.cl\/web\/wp-json\/wp\/v2\/posts"}],"about":[{"href":"https:\/\/www.radiopresidenteibanez.cl\/web\/wp-json\/wp\/v2\/types\/post"}],"author":[{"embeddable":true,"href":"https:\/\/www.radiopresidenteibanez.cl\/web\/wp-json\/wp\/v2\/users\/2"}],"replies":[{"embeddable":true,"href":"https:\/\/www.radiopresidenteibanez.cl\/web\/wp-json\/wp\/v2\/comments?post=14586"}],"version-history":[{"count":0,"href":"https:\/\/www.radiopresidenteibanez.cl\/web\/wp-json\/wp\/v2\/posts\/14586\/revisions"}],"wp:featuredmedia":[{"embeddable":true,"href":"https:\/\/www.radiopresidenteibanez.cl\/web\/wp-json\/wp\/v2\/media\/14587"}],"wp:attachment":[{"href":"https:\/\/www.radiopresidenteibanez.cl\/web\/wp-json\/wp\/v2\/media?parent=14586"}],"wp:term":[{"taxonomy":"category","embeddable":true,"href":"https:\/\/www.radiopresidenteibanez.cl\/web\/wp-json\/wp\/v2\/categories?post=14586"},{"taxonomy":"post_tag","embeddable":true,"href":"https:\/\/www.radiopresidenteibanez.cl\/web\/wp-json\/wp\/v2\/tags?post=14586"}],"curies":[{"name":"wp","href":"https:\/\/api.w.org\/{rel}","templated":true}]}}