{"id":14583,"date":"2020-09-07T03:39:45","date_gmt":"2020-09-07T03:39:45","guid":{"rendered":"https:\/\/www.radiopresidenteibanez.cl\/web\/?p=14583"},"modified":"2020-09-05T15:42:14","modified_gmt":"2020-09-05T15:42:14","slug":"mineduc-y-corfo-entregaran-mas-de-1-500-becas-de-capacitacion-para-directivos-y-docentes-de-institutos-profesionales-y-centros-de-formacion-tecnica","status":"publish","type":"post","link":"https:\/\/www.radiopresidenteibanez.cl\/web\/mineduc-y-corfo-entregaran-mas-de-1-500-becas-de-capacitacion-para-directivos-y-docentes-de-institutos-profesionales-y-centros-de-formacion-tecnica\/","title":{"rendered":"MINEDUC Y CORFO ENTREGAR\u00c1N M\u00c1S DE 1.500 BECAS DE CAPACITACI\u00d3N PARA DIRECTIVOS Y DOCENTES DE INSTITUTOS PROFESIONALES Y CENTROS DE FORMACI\u00d3N T\u00c9CNICA"},"content":{"rendered":"\n<p>Con el objetivo de cerrar las brechas que a\u00fan tienen instituciones T\u00e9cnico-Profesionales en las \u00e1reas de innovaci\u00f3n aplicada y transferencia tecnol\u00f3gica, este a\u00f1o el Ministerio de Educaci\u00f3n y CORFO entregar\u00e1n 1.500 becas de capacitaci\u00f3n a directivos y docentes de institutos profesionales y centros de formaci\u00f3n t\u00e9cnica acreditados para que puedan fortalecer sus competencias.<\/p>\n\n\n\n<p>La iniciativa es parte del Programa IP-CFT 2030, impulsado desde 2019 por ambas entidades y que este a\u00f1o, con un presupuesto de $1.800 millones, busca fortalecer a los institutos profesionales y centros de formaci\u00f3n t\u00e9cnica de todo el pa\u00eds para que, por medio de la incorporaci\u00f3n de herramientas y conocimientos de innovaci\u00f3n y transferencia tecnol\u00f3gica, puedan mejorar su vinculaci\u00f3n con los diversos sectores productivos y, con ello, contribuir al desarrollo del capital humano necesario para enfrentar los desaf\u00edos del pa\u00eds.<\/p>\n\n\n\n<p>\u201cDesde Corfo, y junto al Mineduc, estamos trabajando con fuerza para impulsar este programa que busca fortalecer a los IP y CFT, para que, incorporando herramientas y conocimientos de innovaci\u00f3n y transferencia tecnol\u00f3gica, puedan vincular su quehacer a los sectores productivos del pa\u00eds, aumentando sus oportunidades y contribuyendo al desarrollo de capital humano de excelencia para enfrentar los desaf\u00edos de nuestra econom\u00eda. Desde Corfo consideramos que este programa es fundamental para el desarrollo econ\u00f3mico, porque genera un puente entre la educaci\u00f3n y el mundo del trabajo, desarrollando nuevas destrezas y capacidades en los alumnos y aportando a una mayor movilidad social\u201d, destac\u00f3 el vicepresidente ejecutivo de CORFO, Pablo Terrazas.<\/p>\n\n\n\n<p>Para postular a las becas los institutos profesionales y centros de formaci\u00f3n t\u00e9cnica que cuenten con al menos 3 a\u00f1os de acreditaci\u00f3n podr\u00e1n realizarlo de manera online, adjuntando una carta de compromiso para la implementaci\u00f3n de la estrategia de formaci\u00f3n de docentes, de apoyo a la implementaci\u00f3n de proyectos de transferencia tecnol\u00f3gica y otros documentos que se pueden encontrar en el portal de postulaci\u00f3n. Las postulaciones que comenzaron en agosto terminar\u00e1n el pr\u00f3ximo lunes a las 12:00 horas, para dar inicio a las clases durante el mes de octubre.<\/p>\n\n\n\n<p>\u201cLa formaci\u00f3n t\u00e9cnico profesional es fundamental para la Educaci\u00f3n Superior y es por eso por lo que, como parte del programa IP CFT 2030, que promueve el desarrollo de la innovaci\u00f3n en este tipo de instituciones, se incluyeron estas becas para la formaci\u00f3n en innovaci\u00f3n. Es un paso necesario para instalar las capacidades de innovaci\u00f3n, que son especialmente requeridas en la formaci\u00f3n t\u00e9cnico-profesional, pues facilitan el desarrollo de v\u00ednculos con el sector productivo\u201d, enfatiz\u00f3 el Subsecretario de Educaci\u00f3n Superior, Juan Eduardo Vargas.<\/p>\n","protected":false},"excerpt":{"rendered":"<p>Con el objetivo de cerrar las brechas que a\u00fan tienen instituciones T\u00e9cnico-Profesionales en las \u00e1reas de innovaci\u00f3n aplicada y transferencia tecnol\u00f3gica, este a\u00f1o el Ministerio de Educaci\u00f3n y CORFO entregar\u00e1n&#8230; <a class=\"read-more\" href=\"https:\/\/www.radiopresidenteibanez.cl\/web\/mineduc-y-corfo-entregaran-mas-de-1-500-becas-de-capacitacion-para-directivos-y-docentes-de-institutos-profesionales-y-centros-de-formacion-tecnica\/\">Leer m\u00e1s<\/a><\/p>\n","protected":false},"author":2,"featured_media":14584,"comment_status":"closed","ping_status":"closed","sticky":false,"template":"","format":"standard","meta":{"footnotes":""},"categories":[1],"tags":[],"class_list":["post-14583","post","type-post","status-publish","format-standard","has-post-thumbnail","hentry","category-cronica"],"_links":{"self":[{"href":"https:\/\/www.radiopresidenteibanez.cl\/web\/wp-json\/wp\/v2\/posts\/14583","targetHints":{"allow":["GET"]}}],"collection":[{"href":"https:\/\/www.radiopresidenteibanez.cl\/web\/wp-json\/wp\/v2\/posts"}],"about":[{"href":"https:\/\/www.radiopresidenteibanez.cl\/web\/wp-json\/wp\/v2\/types\/post"}],"author":[{"embeddable":true,"href":"https:\/\/www.radiopresidenteibanez.cl\/web\/wp-json\/wp\/v2\/users\/2"}],"replies":[{"embeddable":true,"href":"https:\/\/www.radiopresidenteibanez.cl\/web\/wp-json\/wp\/v2\/comments?post=14583"}],"version-history":[{"count":0,"href":"https:\/\/www.radiopresidenteibanez.cl\/web\/wp-json\/wp\/v2\/posts\/14583\/revisions"}],"wp:featuredmedia":[{"embeddable":true,"href":"https:\/\/www.radiopresidenteibanez.cl\/web\/wp-json\/wp\/v2\/media\/14584"}],"wp:attachment":[{"href":"https:\/\/www.radiopresidenteibanez.cl\/web\/wp-json\/wp\/v2\/media?parent=14583"}],"wp:term":[{"taxonomy":"category","embeddable":true,"href":"https:\/\/www.radiopresidenteibanez.cl\/web\/wp-json\/wp\/v2\/categories?post=14583"},{"taxonomy":"post_tag","embeddable":true,"href":"https:\/\/www.radiopresidenteibanez.cl\/web\/wp-json\/wp\/v2\/tags?post=14583"}],"curies":[{"name":"wp","href":"https:\/\/api.w.org\/{rel}","templated":true}]}}