{"id":14580,"date":"2020-09-05T15:39:07","date_gmt":"2020-09-05T15:39:07","guid":{"rendered":"https:\/\/www.radiopresidenteibanez.cl\/web\/?p=14580"},"modified":"2020-09-05T15:39:12","modified_gmt":"2020-09-05T15:39:12","slug":"22-organizaciones-sociales-de-magallanes-ejecutaran-proyectos-gracias-a-recursos-del-fondo-de-fortalecimiento","status":"publish","type":"post","link":"https:\/\/www.radiopresidenteibanez.cl\/web\/22-organizaciones-sociales-de-magallanes-ejecutaran-proyectos-gracias-a-recursos-del-fondo-de-fortalecimiento\/","title":{"rendered":"22 ORGANIZACIONES SOCIALES DE MAGALLANES EJECUTAR\u00c1N  PROYECTOS GRACIAS A RECURSOS DEL FONDO DE FORTALECIMIENTO"},"content":{"rendered":"\n<p>Un\ntotal de 22 organizaciones sociales de Magallanes ejecutar\u00e1n sus proyectos tras\nadjudicarse el Fondo de Fortalecimiento de las Organizaciones de Inter\u00e9s\nP\u00fablico (FFOIP), del Ministerio Secretar\u00eda General de Gobierno.<\/p>\n\n\n\n<p>Este\na\u00f1o, producto de la crisis sanitaria, la entrega de este Fondo se aplaz\u00f3, con la\nfinalidad de que las organizaciones sociales tuvieran m\u00e1s tiempo para efectuar\nsu postulaci\u00f3n, ya que el proceso se desarroll\u00f3 en gran medida de manera\nonline.<\/p>\n\n\n\n<p>La\nseremi de Gobierno, Alejandra Mu\u00f1oz, explic\u00f3 que dentro de los objetivos que\ntiene el ministerio Secretar\u00eda General de Gobierno, est\u00e1 el poder trabajar con\nla sociedad civil y potenciar el rol de los dirigentes en cada territorio.&nbsp; <\/p>\n\n\n\n<p>\u201cSabemos\nque los recursos FFOIP generan una instancia de trabajo, fortalecimiento y\ncreatividad en las organizaciones sociales, permitiendo crecimiento en su\ngesti\u00f3n y potenciando los roles de los asociados.&nbsp; Este a\u00f1o la comisi\u00f3n realiz\u00f3 una distribuci\u00f3n\neficiente de los recursos, pudiendo apoyar a m\u00e1s organizaciones, destacando la\nincorporaci\u00f3n de territorios tan alejados, como lo es Cerro Castillo. Esperamos\nque el pr\u00f3ximo a\u00f1o sean m\u00e1s las organizaciones que se motiven a concursar, y\nque como Gobierno podamos apoyar a la mayor\u00eda en sus iniciativas\u201d, se\u00f1al\u00f3 la\nvocera del Gobierno Regional.<\/p>\n\n\n\n<p>En\ntotal se entregaron $38.533.943 millones para 19 iniciativas de car\u00e1cter local (14\nPunta Arenas, cuatro en Puerto Natales y uno en Cerro Castillo) y tres\nregionales.<\/p>\n\n\n\n<p>Las\norganizaciones sociales beneficiadas por sus iniciativas de car\u00e1cter regional\nfueron: Corporaci\u00f3n de Rehabilitaci\u00f3n Club de Leones Cruz del Sur; Bazinga\nAsperger; y Club de Pacientes Psiqui\u00e1tricos, Agrupaci\u00f3n Miraflores.<\/p>\n","protected":false},"excerpt":{"rendered":"<p>Un total de 22 organizaciones sociales de Magallanes ejecutar\u00e1n sus proyectos tras adjudicarse el Fondo de Fortalecimiento de las Organizaciones de Inter\u00e9s P\u00fablico (FFOIP), del Ministerio Secretar\u00eda General de Gobierno&#8230;. <a class=\"read-more\" href=\"https:\/\/www.radiopresidenteibanez.cl\/web\/22-organizaciones-sociales-de-magallanes-ejecutaran-proyectos-gracias-a-recursos-del-fondo-de-fortalecimiento\/\">Leer m\u00e1s<\/a><\/p>\n","protected":false},"author":2,"featured_media":14581,"comment_status":"closed","ping_status":"closed","sticky":false,"template":"","format":"standard","meta":{"footnotes":""},"categories":[1],"tags":[],"class_list":["post-14580","post","type-post","status-publish","format-standard","has-post-thumbnail","hentry","category-cronica"],"_links":{"self":[{"href":"https:\/\/www.radiopresidenteibanez.cl\/web\/wp-json\/wp\/v2\/posts\/14580","targetHints":{"allow":["GET"]}}],"collection":[{"href":"https:\/\/www.radiopresidenteibanez.cl\/web\/wp-json\/wp\/v2\/posts"}],"about":[{"href":"https:\/\/www.radiopresidenteibanez.cl\/web\/wp-json\/wp\/v2\/types\/post"}],"author":[{"embeddable":true,"href":"https:\/\/www.radiopresidenteibanez.cl\/web\/wp-json\/wp\/v2\/users\/2"}],"replies":[{"embeddable":true,"href":"https:\/\/www.radiopresidenteibanez.cl\/web\/wp-json\/wp\/v2\/comments?post=14580"}],"version-history":[{"count":0,"href":"https:\/\/www.radiopresidenteibanez.cl\/web\/wp-json\/wp\/v2\/posts\/14580\/revisions"}],"wp:featuredmedia":[{"embeddable":true,"href":"https:\/\/www.radiopresidenteibanez.cl\/web\/wp-json\/wp\/v2\/media\/14581"}],"wp:attachment":[{"href":"https:\/\/www.radiopresidenteibanez.cl\/web\/wp-json\/wp\/v2\/media?parent=14580"}],"wp:term":[{"taxonomy":"category","embeddable":true,"href":"https:\/\/www.radiopresidenteibanez.cl\/web\/wp-json\/wp\/v2\/categories?post=14580"},{"taxonomy":"post_tag","embeddable":true,"href":"https:\/\/www.radiopresidenteibanez.cl\/web\/wp-json\/wp\/v2\/tags?post=14580"}],"curies":[{"name":"wp","href":"https:\/\/api.w.org\/{rel}","templated":true}]}}