{"id":14577,"date":"2020-09-06T03:40:42","date_gmt":"2020-09-06T03:40:42","guid":{"rendered":"https:\/\/www.radiopresidenteibanez.cl\/web\/?p=14577"},"modified":"2020-09-05T15:34:26","modified_gmt":"2020-09-05T15:34:26","slug":"premian-fotografia-que-refleja-tradiciones-y-cultura-de-punta-arenas","status":"publish","type":"post","link":"https:\/\/www.radiopresidenteibanez.cl\/web\/premian-fotografia-que-refleja-tradiciones-y-cultura-de-punta-arenas\/","title":{"rendered":"PREMIAN FOTOGRAF\u00cdA QUE REFLEJA TRADICIONES Y CULTURA DE PUNTA ARENAS"},"content":{"rendered":"\n<p>Cerca de 80 personas participaron del concurso fotogr\u00e1fico que realiz\u00f3 Corporaci\u00f3n Ciudades por redes sociales: \u201cPunta Arenas: la ciudad de queremos\u201d. Esto con el fin de destacar el esp\u00edritu de la Mesa de trabajo del mismo nombre que busca generar una visi\u00f3n en com\u00fan para la capital magall\u00e1nica, en un di\u00e1logo colaborativo entre actores de los mundos civil, acad\u00e9mico, privado y p\u00fablico.<\/p>\n\n\n\n<p>Se trata de una iniciativa conjunta con la C\u00e1mara Chilena de la Construcci\u00f3n de Punta Arenas, que comenz\u00f3 en junio del a\u00f1o pasado para crear una visi\u00f3n de ciudad en el largo plazo, adem\u00e1s de tener una mejor perspectiva de lo que se puede mejorar, en t\u00e9rminos urban\u00edsticos, sociales y econ\u00f3micos.<\/p>\n\n\n\n<p>Luego de un receso debido a la pandemia, se retom\u00f3 el trabajo de la mesa para continuar aportando en la planificaci\u00f3n de esta localidad, y este martes 8 de septiembre ser\u00e1 el octavo encuentro. \u201cVolver a trabajar en estas sesiones, de manera virtual, es fundamental para avanzar en la construcci\u00f3n de una visi\u00f3n de ciudad a largo plazo y su imagen objetivo\u201d, enfatiz\u00f3 el director ejecutivo de Corporaci\u00f3n Ciudades, Juan Manuel S\u00e1nchez.<\/p>\n\n\n\n<p><strong>Desaf\u00edos de la Mesa y ganadores<\/strong><\/p>\n\n\n\n<p>Durante agosto se invit\u00f3 a subir a Instagram im\u00e1genes que reflejaran los principales desaf\u00edos de la Mesa de Trabajo que son cuatro: Ciudad justa y equitativa; conservaci\u00f3n y medio ambiente; turismo y ciencias, y tradiciones, cultura y patrimonio. El objetivo es que retrataran y escribieran lo que sue\u00f1an, desean o buscan para el futuro de esta ciudad.<\/p>\n\n\n\n<p>\u201cEstamos contentos por la cantidad de personas que participaron en el concurso porque todas nos entregaron nuevas miradas de la ciudad, perspectivas que sin duda incorporaremos en nuestro trabajo en la Mesa para tener una visi\u00f3n de c\u00f3mo queremos que sea Punta Arenas en el futuro\u201d, se\u00f1al\u00f3 Carlos Braun, presidente de CChC Punta Arenas.<\/p>\n\n\n\n<p>El primer lugar fue para Constanza Barrientos Soto (<a href=\"https:\/\/www.instagram.com\/constanzaabs\/\" target=\"_blank\" rel=\"noreferrer noopener\">@constanzaabs<\/a>), quien gan\u00f3 bajo el desaf\u00edo \u201cTradiciones, cultura y patrimonio\u201d y recibir\u00e1 una c\u00e1mara fotogr\u00e1fica para que pueda seguir registrando im\u00e1genes. El segundo lugar se lo llev\u00f3 Kevin Torres Olmedo (<a href=\"https:\/\/www.instagram.com\/kelvin.torres_\/\" target=\"_blank\" rel=\"noreferrer noopener\">@kelvin.torres_<\/a>)&nbsp;en el desaf\u00edo \u201cCiudad justa y equitativa\u201d y el tercer lugar fue para Susana Rojel \u00c1lvarez (<a href=\"https:\/\/www.instagram.com\/sxroj\/\" target=\"_blank\" rel=\"noreferrer noopener\">@sxroj<\/a>), en el desaf\u00edo \u201cConservaci\u00f3n y medio ambiente\u201d.<\/p>\n\n\n\n<p>Todas las fotograf\u00edas de los participantes ser\u00e1n parte de una publicaci\u00f3n que Corporaci\u00f3n Ciudades dise\u00f1ar\u00e1 para compartir lo que los habitantes de Punta Arenas sue\u00f1an para su ciudad.<\/p>\n\n\n\n<p>\u201cEste tipo de iniciativa nos permite conocer un poco m\u00e1s las expectativas que se tiene sobre Punta Arenas y de qu\u00e9 manera podemos contribuir, desde esta mirada, a su desarrollo\u201d, coment\u00f3 Juan Manuel S\u00e1nchez.<\/p>\n","protected":false},"excerpt":{"rendered":"<p>Cerca de 80 personas participaron del concurso fotogr\u00e1fico que realiz\u00f3 Corporaci\u00f3n Ciudades por redes sociales: \u201cPunta Arenas: la ciudad de queremos\u201d. Esto con el fin de destacar el esp\u00edritu de&#8230; <a class=\"read-more\" href=\"https:\/\/www.radiopresidenteibanez.cl\/web\/premian-fotografia-que-refleja-tradiciones-y-cultura-de-punta-arenas\/\">Leer m\u00e1s<\/a><\/p>\n","protected":false},"author":2,"featured_media":14578,"comment_status":"closed","ping_status":"closed","sticky":false,"template":"","format":"standard","meta":{"footnotes":""},"categories":[1],"tags":[],"class_list":["post-14577","post","type-post","status-publish","format-standard","has-post-thumbnail","hentry","category-cronica"],"_links":{"self":[{"href":"https:\/\/www.radiopresidenteibanez.cl\/web\/wp-json\/wp\/v2\/posts\/14577","targetHints":{"allow":["GET"]}}],"collection":[{"href":"https:\/\/www.radiopresidenteibanez.cl\/web\/wp-json\/wp\/v2\/posts"}],"about":[{"href":"https:\/\/www.radiopresidenteibanez.cl\/web\/wp-json\/wp\/v2\/types\/post"}],"author":[{"embeddable":true,"href":"https:\/\/www.radiopresidenteibanez.cl\/web\/wp-json\/wp\/v2\/users\/2"}],"replies":[{"embeddable":true,"href":"https:\/\/www.radiopresidenteibanez.cl\/web\/wp-json\/wp\/v2\/comments?post=14577"}],"version-history":[{"count":0,"href":"https:\/\/www.radiopresidenteibanez.cl\/web\/wp-json\/wp\/v2\/posts\/14577\/revisions"}],"wp:featuredmedia":[{"embeddable":true,"href":"https:\/\/www.radiopresidenteibanez.cl\/web\/wp-json\/wp\/v2\/media\/14578"}],"wp:attachment":[{"href":"https:\/\/www.radiopresidenteibanez.cl\/web\/wp-json\/wp\/v2\/media?parent=14577"}],"wp:term":[{"taxonomy":"category","embeddable":true,"href":"https:\/\/www.radiopresidenteibanez.cl\/web\/wp-json\/wp\/v2\/categories?post=14577"},{"taxonomy":"post_tag","embeddable":true,"href":"https:\/\/www.radiopresidenteibanez.cl\/web\/wp-json\/wp\/v2\/tags?post=14577"}],"curies":[{"name":"wp","href":"https:\/\/api.w.org\/{rel}","templated":true}]}}