{"id":14574,"date":"2020-09-06T03:26:29","date_gmt":"2020-09-06T03:26:29","guid":{"rendered":"https:\/\/www.radiopresidenteibanez.cl\/web\/?p=14574"},"modified":"2020-09-05T15:28:59","modified_gmt":"2020-09-05T15:28:59","slug":"sernapesca-recibe-primera-embarcacion-con-dedicacion-exclusiva-a-la-fiscalizacion-de-la-acuicultura","status":"publish","type":"post","link":"https:\/\/www.radiopresidenteibanez.cl\/web\/sernapesca-recibe-primera-embarcacion-con-dedicacion-exclusiva-a-la-fiscalizacion-de-la-acuicultura\/","title":{"rendered":"SERNAPESCA RECIBE PRIMERA EMBARCACI\u00d3N CON DEDICACI\u00d3N EXCLUSIVA A LA FISCALIZACI\u00d3N DE LA ACUICULTURA"},"content":{"rendered":"\n<p>En los astilleros de ASMAR Valpara\u00edso, el Servicio Nacional de Pesca y Acuicultura, encabezado por su Directora Nacional, Alicia Gallardo, recibi\u00f3 oficialmente la primera embarcaci\u00f3n construida especialmente para actividades de fiscalizaci\u00f3n de la acuicultura en el extremo sur del pa\u00eds.<\/p>\n\n\n\n<p>Se trata de una lancha Pumar modelo WR1250 Explorer, dise\u00f1ada para transportar a seis pasajeros y dos tripulantes en agua interiores y semi oce\u00e1nicas. Contiene equipamiento para realizar necropsias, recoger y conservar muestras biol\u00f3gicas, adem\u00e1s de las instalaciones necesarias para que los funcionarios del Servicio puedan viajar, pernoctar y alimentarse, con total independencia de las empresas fiscalizadas.<\/p>\n\n\n\n<p>La Directora Nacional de Sernapesca subray\u00f3 el importante hito indicando que \u201cesto es un sue\u00f1o hecho realidad: quiero agradecer al Ministerio de Econom\u00eda que apoy\u00f3 la iniciativa de reforzar a Sernapesca con naves aut\u00f3nomas para las labores de fiscalizaci\u00f3n, y as\u00ed tambi\u00e9n a los ingenieros y expertos de ASMAR que tuvieron especial cuidado en los requerimientos espec\u00edficos para el cumplimiento de esta funci\u00f3n: un laboratorio, un \u00e1rea para almacenamiento de muestras, un brazo mec\u00e1nico para robot submarinos, etc.\u201d Gallardo tambi\u00e9n destac\u00f3 la alianza establecida con la Armada de Chile, con la que se firm\u00f3 un comodato que har\u00e1 posible que esta nave sea operada por efectivos de la Autoridad Mar\u00edtima.<\/p>\n\n\n\n<p>En ese sentido, el contraalmirante Jorge Imhoff, Director de Intereses Mar\u00edtimos y Medio Ambiente Acu\u00e1tico de DIRECTEMAR, indic\u00f3 por su parte que \u201cen esta lancha podemos ver c\u00f3mo se materializa la cooperaci\u00f3n entre los organismos del Estado. Y agradezco la iniciativa que tuvo Sernapesca en ofrecer esta unidad para ser operada por la Armada, ya que ambos servicios necesitamos estar presentes en Magallanes para fiscalizar la actividad acu\u00edcola. Esta unidad posee las caracter\u00edsticas precisas para operar con seguridad y efectividad en esta zona\u201d.<\/p>\n\n\n\n<p>La embarcaci\u00f3n cuenta con un casco de fibra de vidrio reforzado, laminado por infusi\u00f3n al vac\u00edo, lo que permite una gran resistencia mec\u00e1nica y flexibilidad para afrontar las duras condiciones del mar austral de Chile. Adem\u00e1s, ofrece excelentes condiciones de navegaci\u00f3n y seguridad en condiciones extremas, con una capacidad de carga de 4 toneladas, velocidad m\u00e1xima liviana de 30 nudos y velocidad continua de operaci\u00f3n a 20 nudos, con una autonom\u00eda de 11 horas.<\/p>\n\n\n\n<p>El Capit\u00e1n de Nav\u00edo Juan Cristobal M\u00e9ndez, Administrador de ASMAR Valpara\u00edso, destac\u00f3 la capacidad del astillero porte\u00f1o para la construcci\u00f3n de embarcaciones de esta naturaleza, \u201cque es un liderazgo reconocido nacional e internacionalmente. Confiamos en que esta embarcaci\u00f3n represente un salto cualitativo de las capacidades tecnol\u00f3gicas e innovadoras en cuanto al modo en que se realiza la fiscalizaci\u00f3n, proveyendo los medios necesarios para esta transformaci\u00f3n\u201d.<\/p>\n\n\n\n<p>La ceremonia cont\u00f3 adem\u00e1s con la presencia del Subsecretario de Pesca y Acuicultura, Rom\u00e1n Zelaya, quien subray\u00f3 el apoyo del Gobierno a esta iniciativa, que permitir\u00e1 elevar los est\u00e1ndares de fiscalizaci\u00f3n para el correcto desempe\u00f1o y desarrollo de la actividad acu\u00edcola. \u201cEstoy muy contento y orgulloso de este ejemplo de colaboraci\u00f3n entre las instituciones del Estado, que se ponen a la vanguardia y lideran el avance tecnol\u00f3gico para la fiscalizaci\u00f3n en Chile. La entrega de esta embarcaci\u00f3n representa un gran ejemplo de esta colaboraci\u00f3n, para lograr una mejor fiscalizaci\u00f3n, en condiciones de total seguridad para los funcionarios que desempe\u00f1an esa labor, y en definitiva nos pone a la vanguardia mundial en materia de fiscalizaci\u00f3n de la acuicultura\u201d.<\/p>\n\n\n\n<p><strong>MODERNIZACI\u00d3N<\/strong><\/p>\n\n\n\n<p>Es la primera vez que el Servicio Nacional de Pesca y Acuicultura ordena la construcci\u00f3n de una embarcaci\u00f3n especial para el transporte de los fiscalizadores. La iniciativa forma parte del Plan de Modernizaci\u00f3n del Servicio, que adem\u00e1s contempla la reciente adquisici\u00f3n de nueve camionetas todo terreno, que ser\u00e1n destinadas a labores de traslado y control en oficinas regionales de Tal Tal, Caldera, Tongoy, San Antonio, Constituci\u00f3n, Talcahuano, Castro y Puerto Ays\u00e9n.<\/p>\n","protected":false},"excerpt":{"rendered":"<p>En los astilleros de ASMAR Valpara\u00edso, el Servicio Nacional de Pesca y Acuicultura, encabezado por su Directora Nacional, Alicia Gallardo, recibi\u00f3 oficialmente la primera embarcaci\u00f3n construida especialmente para actividades de&#8230; <a class=\"read-more\" href=\"https:\/\/www.radiopresidenteibanez.cl\/web\/sernapesca-recibe-primera-embarcacion-con-dedicacion-exclusiva-a-la-fiscalizacion-de-la-acuicultura\/\">Leer m\u00e1s<\/a><\/p>\n","protected":false},"author":2,"featured_media":14575,"comment_status":"closed","ping_status":"closed","sticky":false,"template":"","format":"standard","meta":{"footnotes":""},"categories":[1],"tags":[],"class_list":["post-14574","post","type-post","status-publish","format-standard","has-post-thumbnail","hentry","category-cronica"],"_links":{"self":[{"href":"https:\/\/www.radiopresidenteibanez.cl\/web\/wp-json\/wp\/v2\/posts\/14574","targetHints":{"allow":["GET"]}}],"collection":[{"href":"https:\/\/www.radiopresidenteibanez.cl\/web\/wp-json\/wp\/v2\/posts"}],"about":[{"href":"https:\/\/www.radiopresidenteibanez.cl\/web\/wp-json\/wp\/v2\/types\/post"}],"author":[{"embeddable":true,"href":"https:\/\/www.radiopresidenteibanez.cl\/web\/wp-json\/wp\/v2\/users\/2"}],"replies":[{"embeddable":true,"href":"https:\/\/www.radiopresidenteibanez.cl\/web\/wp-json\/wp\/v2\/comments?post=14574"}],"version-history":[{"count":0,"href":"https:\/\/www.radiopresidenteibanez.cl\/web\/wp-json\/wp\/v2\/posts\/14574\/revisions"}],"wp:featuredmedia":[{"embeddable":true,"href":"https:\/\/www.radiopresidenteibanez.cl\/web\/wp-json\/wp\/v2\/media\/14575"}],"wp:attachment":[{"href":"https:\/\/www.radiopresidenteibanez.cl\/web\/wp-json\/wp\/v2\/media?parent=14574"}],"wp:term":[{"taxonomy":"category","embeddable":true,"href":"https:\/\/www.radiopresidenteibanez.cl\/web\/wp-json\/wp\/v2\/categories?post=14574"},{"taxonomy":"post_tag","embeddable":true,"href":"https:\/\/www.radiopresidenteibanez.cl\/web\/wp-json\/wp\/v2\/tags?post=14574"}],"curies":[{"name":"wp","href":"https:\/\/api.w.org\/{rel}","templated":true}]}}