{"id":14572,"date":"2020-09-05T15:25:43","date_gmt":"2020-09-05T15:25:43","guid":{"rendered":"https:\/\/www.radiopresidenteibanez.cl\/web\/?p=14572"},"modified":"2020-09-05T15:25:48","modified_gmt":"2020-09-05T15:25:48","slug":"concejal-aguilante-propuesta-del-concejo-municipal-de-eliminar-permisos-de-cuarentena-en-fiestas-patrias-debe-ser-acogida-por-ministerio-de-salud","status":"publish","type":"post","link":"https:\/\/www.radiopresidenteibanez.cl\/web\/concejal-aguilante-propuesta-del-concejo-municipal-de-eliminar-permisos-de-cuarentena-en-fiestas-patrias-debe-ser-acogida-por-ministerio-de-salud\/","title":{"rendered":"CONCEJAL AGUILANTE: \u201cPROPUESTA DEL CONCEJO MUNICIPAL DE ELIMINAR PERMISOS DE  CUARENTENA EN FIESTAS PATRIAS  DEBE SER ACOGIDA POR MINISTERIO DE SALUD\u201d"},"content":{"rendered":"\n<p>\u201cAl parecer el ministro de Salud no\nestar\u00eda acogiendo la solicitud del Concejo Municipal para suspender la medida\nde otorgar permisos para reuniones familiares en Fiestas Patrias durante el\nperiodo de cuarentena aduciendo que no habr\u00e1 excepciones, lo cual revela la\nvisi\u00f3n centralista y de nula empat\u00eda con las realidades particulares que se\nvive en las comunas producto de la pandemia de Covid 19.\u201d<\/p>\n\n\n\n<p>As\u00ed se manifest\u00f3 el concejal de\nPunta Arenas Jos\u00e9 Aguilante Mansilla quien se\u00f1al\u00f3 que de acuerdo a\ninformaciones de prensa &nbsp;fue el propio\nministro que con anterioridad a la recepci\u00f3n de la carta firmada por el alcalde\ny los concejales habr\u00eda se\u00f1alado que no habr\u00e1 excepciones y que el permiso\nestar\u00e1 disponible para todas las comunas, incluso para las que est\u00e1n en cuarentena\u201d<\/p>\n\n\n\n<p>Al respecto el concejal Aguilante ratific\u00f3\nque la solicitud del Concejo que fue un\u00e1nime, &nbsp;se fundamenta en que \u201cprimero que todo est\u00e1 el\nderecho a la protecci\u00f3n de la vida\u201d y que este tipo de decisiones que se toman\nen Santiago, no siendo consultadas con las autoridades de las comunas\nafectadas, traer\u00e1 mayores contagios en una ciudad que encabeza el n\u00famero de\ncasos activos a nivel nacional.\u201d<\/p>\n\n\n\n<p>\u201cEsperamos que el gobierno a trapes\ndel ministro de Salud, recapaciten y puedan revertir a tiempo esta decisi\u00f3n que\ntal vez pudiera ser aplicable a Santiago u otras comunas, Pero claramente no lo\nes para Punta Arenas\u201d<\/p>\n\n\n\n<p>El concejal tambi\u00e9n hizo la\npropuesta de constituir un Comit\u00e9 Operativo de Emergencia comunal con \u00e9nfasis\nen lo sanitario.<\/p>\n\n\n\n<p>\u201cAl mismo tiempo &nbsp;hizo un llamado a las autoridades del gobierno\nregional para tener una postura m\u00e1s proactiva y coordinarse con los municipios\ny la sociedad civil, para&nbsp; fortalecer un\nPlan de Coordinaci\u00f3n conjunto y que nos expresemos con una sola voz ante las\ndecisiones centralistas que nos afectar\u00e1n gravemente\u201d<\/p>\n","protected":false},"excerpt":{"rendered":"<p>\u201cAl parecer el ministro de Salud no estar\u00eda acogiendo la solicitud del Concejo Municipal para suspender la medida de otorgar permisos para reuniones familiares en Fiestas Patrias durante el periodo&#8230; <a class=\"read-more\" href=\"https:\/\/www.radiopresidenteibanez.cl\/web\/concejal-aguilante-propuesta-del-concejo-municipal-de-eliminar-permisos-de-cuarentena-en-fiestas-patrias-debe-ser-acogida-por-ministerio-de-salud\/\">Leer m\u00e1s<\/a><\/p>\n","protected":false},"author":2,"featured_media":11708,"comment_status":"closed","ping_status":"closed","sticky":false,"template":"","format":"standard","meta":{"footnotes":""},"categories":[1],"tags":[],"class_list":["post-14572","post","type-post","status-publish","format-standard","has-post-thumbnail","hentry","category-cronica"],"_links":{"self":[{"href":"https:\/\/www.radiopresidenteibanez.cl\/web\/wp-json\/wp\/v2\/posts\/14572","targetHints":{"allow":["GET"]}}],"collection":[{"href":"https:\/\/www.radiopresidenteibanez.cl\/web\/wp-json\/wp\/v2\/posts"}],"about":[{"href":"https:\/\/www.radiopresidenteibanez.cl\/web\/wp-json\/wp\/v2\/types\/post"}],"author":[{"embeddable":true,"href":"https:\/\/www.radiopresidenteibanez.cl\/web\/wp-json\/wp\/v2\/users\/2"}],"replies":[{"embeddable":true,"href":"https:\/\/www.radiopresidenteibanez.cl\/web\/wp-json\/wp\/v2\/comments?post=14572"}],"version-history":[{"count":0,"href":"https:\/\/www.radiopresidenteibanez.cl\/web\/wp-json\/wp\/v2\/posts\/14572\/revisions"}],"wp:featuredmedia":[{"embeddable":true,"href":"https:\/\/www.radiopresidenteibanez.cl\/web\/wp-json\/wp\/v2\/media\/11708"}],"wp:attachment":[{"href":"https:\/\/www.radiopresidenteibanez.cl\/web\/wp-json\/wp\/v2\/media?parent=14572"}],"wp:term":[{"taxonomy":"category","embeddable":true,"href":"https:\/\/www.radiopresidenteibanez.cl\/web\/wp-json\/wp\/v2\/categories?post=14572"},{"taxonomy":"post_tag","embeddable":true,"href":"https:\/\/www.radiopresidenteibanez.cl\/web\/wp-json\/wp\/v2\/tags?post=14572"}],"curies":[{"name":"wp","href":"https:\/\/api.w.org\/{rel}","templated":true}]}}