{"id":14566,"date":"2020-09-04T14:33:21","date_gmt":"2020-09-04T14:33:21","guid":{"rendered":"https:\/\/www.radiopresidenteibanez.cl\/web\/?p=14566"},"modified":"2020-09-04T14:33:28","modified_gmt":"2020-09-04T14:33:28","slug":"concurso-funciona-premia-iniciativas-de-innovacion-de-servicios-publicos-y-municipios","status":"publish","type":"post","link":"https:\/\/www.radiopresidenteibanez.cl\/web\/concurso-funciona-premia-iniciativas-de-innovacion-de-servicios-publicos-y-municipios\/","title":{"rendered":"CONCURSO FUNCIONA! PREMIA INICIATIVAS DE INNOVACI\u00d3N DE SERVICIOS P\u00daBLICOS Y MUNICIPIOS"},"content":{"rendered":"\n<p>Iniciativas destinadas a mejorar la\ncalidad de vida de adultos mayores y promover la inserci\u00f3n laboral de personas\ncon discapacidad obtuvieron el primer lugar en las categor\u00edas Administraci\u00f3n\nCentral del Estado y Municipal del Concurso Funciona! 2019. <\/p>\n\n\n\n<p>Funciona! es un Concurso Nacional de\nInnovaci\u00f3n P\u00fablica \u2013 coordinado por el Servicio Civil en colaboraci\u00f3n con el\nLaboratorio de Gobierno \u2013 que busca reconocer iniciativas innovadoras\nimplementadas por funcionarios\/as de la Administraci\u00f3n Central del Estado y de\nmunicipalidades del pa\u00eds, cuyo objetivo sea mejorar la atenci\u00f3n a los\nciudadanos y elevar la eficiencia de los servicios p\u00fablicos.<\/p>\n\n\n\n<p>El concurso, en esta versi\u00f3n, premiar\u00e1\na los equipos de trabajo ganadores en sus dos categor\u00edas con actividades de\nformaci\u00f3n y\/o capacitaci\u00f3n en modalidad online en materia de innovaci\u00f3n.<\/p>\n\n\n\n<p>En el acto de premiaci\u00f3n, realizado\nhoy v\u00eda on line, el director del Servicio Civil, Alejandro Weber, se\u00f1al\u00f3 que siempre\nes necesario reconocer el trabajo bien hecho, la proactividad, la entrega y\nreal vocaci\u00f3n de servicio p\u00fablico. Sostuvo que desde su creaci\u00f3n el 2014, a\neste concurso se han postulado m\u00e1s de mil iniciativas de innovaci\u00f3n,\ninvolucrando a m\u00e1s de 4 mil funcionarios\/as, lo que refleja que en el Estado\nexiste voluntad para hacer las cosas de forma distinta y mejor, en bien de la\nciudadan\u00eda.<\/p>\n\n\n\n<p>En su versi\u00f3n 2019 postularon al\nconcurso 176 iniciativas de 74 servicios p\u00fablicos y municipios, involucrando a 639\nfuncionarios y funcionarias.<\/p>\n\n\n\n<p><strong>INICIATIVAS GANADORAS CATEGOR\u00cdA ADMINISTRACI\u00d3N CENTRAL DEL ESTADO<\/strong><\/p>\n\n\n\n<p><strong>Primer Lugar<br>\nSERVIU Valpara\u00edso: \u201cProyecto VISI: Viviendas Sociales Inteligentes\u201d<br>\n<\/strong>Inicio implementaci\u00f3n: octubre 2018<\/p>\n\n\n\n<p>Iniciativa piloto denominada \u201cVivienda\nSocial Inteligente para Adultos Mayores\u201d, implementada en Villa Alemana, que\nbusca resguardar la salud y seguridad de adultos mayores al interior de las\nviviendas. Consiste en instalar un set de sensores, que no requieren internet,\nconectados a un terminal central que genera alertas en tiempo real en relaci\u00f3n\na fuga y corte autom\u00e1tico de gas, acumulaci\u00f3n de humo, intrusi\u00f3n externa, detecci\u00f3n\nde ca\u00eddas e inactividad y que est\u00e1n enlazadas con servicios como carabineros, bomberos,\nseguridad ciudadana y centros de salud. Asimismo, registra informaci\u00f3n sobre\ncondiciones ambientales al interior de la vivienda como temperatura, humedad y\ncalidad del aire.&nbsp; <\/p>\n\n\n\n<p><strong>Segundo Lugar<br>\nInstituto de Previsi\u00f3n Social: \u201cFuzzyRUT\u201d<br>\n<\/strong>Inicio implementaci\u00f3n: abril 2019<\/p>\n\n\n\n<p>Aplicaci\u00f3n que permite encontrar\nsoluci\u00f3n a una parte importante de los registros de cotizaciones innominadas (en\nque la identificaci\u00f3n del trabajador no es correcta porque el RUN y\/o el nombre\nvienen incorrectos). Pese a los errores y&nbsp;\nbas\u00e1ndose en la l\u00f3gica difusa, el sistema puede encontrar la\nidentificaci\u00f3n correcta de los trabajadores, ayudando de esta manera a que los\nmontos declarados y pagados puedan ser contabilizados en sus cuentas.<\/p>\n\n\n\n<p><strong>Tercer Lugar<br>\nSernapesca Arica: \u201cAplicaci\u00f3n de\nTrazador Qu\u00edmico Rodamina WT y Veh\u00edculo A\u00e9reo no Tripulado en Proceso de\nFiscalizaci\u00f3n de Residuos Industriales L\u00edquidos (RILES)\u201d<br>\n<\/strong>Inicio implementaci\u00f3n: mayo 2017<strong><\/strong><\/p>\n\n\n\n<p>Nuevo m\u00e9todo de inspecci\u00f3n que coordina\ncompetencias ambientales de la Superintendencia del Medio Ambiente, Direcci\u00f3n\nGeneral del Territorio Mar\u00edtimo y de Marina Mercante y el Servicio Nacional de\nPesca y Acuicultura. Consiste en un trazador qu\u00edmico biodegradable que ti\u00f1e de\ncolor magenta los residuos industriales l\u00edquidos (RILES) que descargan al mar las empresas pesqueras de la ciudad de Arica,\nfacilitando la visualizaci\u00f3n de su desplazamiento en el mar. Posteriormente, se\nverifica el movimiento de los RILES te\u00f1idos, mediante un equipo de dron, el\ncual realiza un completo seguimiento de como circulan las manchas de estos\nresiduos en el mar.<\/p>\n\n\n\n<p><strong>INICIATIVAS GANADORAS CATEGOR\u00cdA MUNICIPAL<\/strong><\/p>\n\n\n\n<p><strong>Primer Lugar<br>\nMunicipalidad de San Javier: \u201cComunidad Escolar especial, un Enfoque Integral y\nSustentable\u201d<br>\n<\/strong>Inicio implementaci\u00f3n: marzo 2018<\/p>\n\n\n\n<p>Iniciativa busca fomentar la\ninclusi\u00f3n laboral de los estudiantes de la Escuela Especial Municipal Ema\nSep\u00falveda de Lobos F-409 de San Javier, que atiende a personas con discapacidad\nintelectual y otros diagn\u00f3sticos asociados, hasta los 26 a\u00f1os. Contempla pr\u00e1cticas\nlaborales para los estudiantes, considerando intereses, habilidades y perfiles;\n&nbsp;emprendimientos familiares sustentables,\ntales como huerto escolar, crianza de gallinas mapuches, lumbricultura y\nproducci\u00f3n y venta de crema cosm\u00e9tica a base de baba de caracol; constituci\u00f3n\nde cooperativa de trabajo compuesta por 10 estudiantes y siete madres; y equinoterapia\nque interviene \u00e1reas sensorio motrices, cognitivas, conductuales, emocionales y\nque complementa el abordaje de habilidades sociolaborales.<\/p>\n\n\n\n<p><strong>Segundo Lugar<br>\nMunicipalidad de Puente Alto: \u201cFicha de Salud Municipal (FISAL) en la Red de Rehabilitaci\u00f3n\ne Inclusi\u00f3n Comunal\u201d<\/strong><br>\nInicio implementaci\u00f3n: julio 2018<\/p>\n\n\n\n<p>Consiste en la creaci\u00f3n de la red de\nrehabilitaci\u00f3n e inclusi\u00f3n comunal, que ha permitido que las siete salas de\nrehabilitaci\u00f3n de la comuna trabajen en conjunto, mediante interconsultas\ndigitales, utilizando un nuevo mapa de derivaciones que toma en consideraci\u00f3n\nla georreferenciaci\u00f3n, patolog\u00eda, edad y previsi\u00f3n de salud del usuario. As\u00ed se\nlogr\u00f3 solucionar problemas como las dobles prestaciones y se descentraliz\u00f3 la\nrehabilitaci\u00f3n sin perder la continuidad de tratamiento.<\/p>\n\n\n\n<p><strong>Tercer Lugar (Jurado premi\u00f3 dos iniciativas)<br>\nMunicipalidad de Collipulli: \u201cDise\u00f1o de bater\u00eda de adaptadores universales con tecnolog\u00eda\n3D para el desarrollo del agarre de l\u00e1pices contexto educacional\u201d<br>\n<\/strong>Inicio implementaci\u00f3n: junio 2017<\/p>\n\n\n\n<p>Dise\u00f1o de bajo costo, enfocado en\napoyar el desarrollo del agarre del l\u00e1piz para ni\u00f1os del Programa de\nIntegraci\u00f3n Escolar (PIE), facilitando los procesos de aprendizaje, inclusi\u00f3n,\nrehabilitaci\u00f3n y\/o habilitaci\u00f3n, en contexto pre-escolar y escolar. Mediante el\nfinanciamiento del Fondo Nacional de Proyectos Inclusivos de SENADIS se\nadquiri\u00f3 impresora 3D para el modelado e impresi\u00f3n de ayudas t\u00e9cnicas de bajo\ncosto, lo que permite su entrega en un corto periodo de tiempo, favoreciendo\nuna intervenci\u00f3n oportuna y evitando lista de espera y\/o tiempos de espera\nprolongados. <\/p>\n\n\n\n<p><strong>Municipalidad de La Pintana: \u201cEstimulaci\u00f3n multisensorial para la\ninclusi\u00f3n de mayores\u201d<\/strong> <br>\nInicio implementaci\u00f3n: julio 2019<\/p>\n\n\n\n<p>Es la primera sala multisensorial con\nm\u00e9todo SNOEZELEN del pa\u00eds para tratar deterioros cognitivos y\/ o demencias en\nadultos mayores. Este nuevo dispositivo tecnol\u00f3gico se combina con la\nintervenci\u00f3n especializada y personalizada de terapeuta ocupacional,\nkinesi\u00f3loga, fonoaudi\u00f3loga y psic\u00f3logo, lo cual permite mejorar de forma\nsustancial su calidad de vida y la de sus familiares.<\/p>\n\n\n\n<p><strong>\u00bfC\u00f3mo es el Concurso Funciona!?<\/strong><\/p>\n\n\n\n<p>Los equipos de los distintos\nservicios p\u00fablicos y municipalidades postulan sus iniciativas, las que son\nevaluadas por equipos expertos y un jurado. Estas iniciativas deben cumplir con\nciertos requisitos para postularse, tales como: tener un per\u00edodo m\u00ednimo de seis\nmeses de implementaci\u00f3n efectiva y continua, estar vigentes, ser presentadas\npor un equipo de entre 3 y 4 funcionarios(as) que no ocupen cargos de jefatura,\ny&nbsp; que&nbsp;\npertenezcan a la instituci\u00f3n al momento de la postulaci\u00f3n, entre otros.<\/p>\n\n\n\n<p><strong>Jurado concurso Funciona! Versi\u00f3n 2019<\/strong><\/p>\n\n\n\n<p>El jurado estuvo integrado por las siguientes\nautoridades: el Subsecretario del Trabajo, Fernando Arab; la representante de\nla Secretar\u00eda General de la Presidencia, Cristina Alzate; el representante de\nla Subsecretar\u00eda de Hacienda, Crist\u00f3bal Pe\u00f1a; el representante de la\nSubsecretar\u00eda de Desarrollo Regional, Tom\u00e1s Hoffmann; el director del Servicio\nCivil, Alejandro Weber; el director ejecutivo del Laboratorio de Gobierno, Roman\nYosif;&nbsp; y el subdirector de Gesti\u00f3n y\nDesarrollo de las Personas del SC, Pedro Guerra, quien coordina la\nimplementaci\u00f3n anual de Funciona!<\/p>\n","protected":false},"excerpt":{"rendered":"<p>Iniciativas destinadas a mejorar la calidad de vida de adultos mayores y promover la inserci\u00f3n laboral de personas con discapacidad obtuvieron el primer lugar en las categor\u00edas Administraci\u00f3n Central del&#8230; <a class=\"read-more\" href=\"https:\/\/www.radiopresidenteibanez.cl\/web\/concurso-funciona-premia-iniciativas-de-innovacion-de-servicios-publicos-y-municipios\/\">Leer m\u00e1s<\/a><\/p>\n","protected":false},"author":2,"featured_media":14567,"comment_status":"closed","ping_status":"closed","sticky":false,"template":"","format":"standard","meta":{"footnotes":""},"categories":[1],"tags":[],"class_list":["post-14566","post","type-post","status-publish","format-standard","has-post-thumbnail","hentry","category-cronica"],"_links":{"self":[{"href":"https:\/\/www.radiopresidenteibanez.cl\/web\/wp-json\/wp\/v2\/posts\/14566","targetHints":{"allow":["GET"]}}],"collection":[{"href":"https:\/\/www.radiopresidenteibanez.cl\/web\/wp-json\/wp\/v2\/posts"}],"about":[{"href":"https:\/\/www.radiopresidenteibanez.cl\/web\/wp-json\/wp\/v2\/types\/post"}],"author":[{"embeddable":true,"href":"https:\/\/www.radiopresidenteibanez.cl\/web\/wp-json\/wp\/v2\/users\/2"}],"replies":[{"embeddable":true,"href":"https:\/\/www.radiopresidenteibanez.cl\/web\/wp-json\/wp\/v2\/comments?post=14566"}],"version-history":[{"count":0,"href":"https:\/\/www.radiopresidenteibanez.cl\/web\/wp-json\/wp\/v2\/posts\/14566\/revisions"}],"wp:featuredmedia":[{"embeddable":true,"href":"https:\/\/www.radiopresidenteibanez.cl\/web\/wp-json\/wp\/v2\/media\/14567"}],"wp:attachment":[{"href":"https:\/\/www.radiopresidenteibanez.cl\/web\/wp-json\/wp\/v2\/media?parent=14566"}],"wp:term":[{"taxonomy":"category","embeddable":true,"href":"https:\/\/www.radiopresidenteibanez.cl\/web\/wp-json\/wp\/v2\/categories?post=14566"},{"taxonomy":"post_tag","embeddable":true,"href":"https:\/\/www.radiopresidenteibanez.cl\/web\/wp-json\/wp\/v2\/tags?post=14566"}],"curies":[{"name":"wp","href":"https:\/\/api.w.org\/{rel}","templated":true}]}}