{"id":14563,"date":"2020-09-04T13:14:51","date_gmt":"2020-09-04T13:14:51","guid":{"rendered":"https:\/\/www.radiopresidenteibanez.cl\/web\/?p=14563"},"modified":"2020-09-07T14:13:51","modified_gmt":"2020-09-07T14:13:51","slug":"hoy-4-de-julio-cumplimos-13-anos-junto-en-el-dial-magallanico","status":"publish","type":"post","link":"https:\/\/www.radiopresidenteibanez.cl\/web\/hoy-4-de-julio-cumplimos-13-anos-junto-en-el-dial-magallanico\/","title":{"rendered":"HOY 4 DE SEPTIEMBRE CUMPLIMOS 13 A\u00d1OS JUNTO EN EL DIAL MAGALL\u00c1NICO"},"content":{"rendered":"\n<p>En este nuevo aniversario donde cumplimos 13 a\u00f1os en el dial regional, queremos agradecer a cada uno de nuestros y nuestras auditoras, televidentes y lectores que nos acompa\u00f1an diariamente, as\u00ed tambi\u00e9n, a cada uno de nuestros colaboradores.<\/p>\n","protected":false},"excerpt":{"rendered":"<p>En este nuevo aniversario donde cumplimos 13 a\u00f1os en el dial regional, queremos agradecer a cada uno de nuestros y nuestras auditoras, televidentes y lectores que nos acompa\u00f1an diariamente, as\u00ed&#8230; <a class=\"read-more\" href=\"https:\/\/www.radiopresidenteibanez.cl\/web\/hoy-4-de-julio-cumplimos-13-anos-junto-en-el-dial-magallanico\/\">Leer m\u00e1s<\/a><\/p>\n","protected":false},"author":2,"featured_media":14564,"comment_status":"closed","ping_status":"closed","sticky":false,"template":"","format":"standard","meta":{"footnotes":""},"categories":[1],"tags":[],"class_list":["post-14563","post","type-post","status-publish","format-standard","has-post-thumbnail","hentry","category-cronica"],"_links":{"self":[{"href":"https:\/\/www.radiopresidenteibanez.cl\/web\/wp-json\/wp\/v2\/posts\/14563","targetHints":{"allow":["GET"]}}],"collection":[{"href":"https:\/\/www.radiopresidenteibanez.cl\/web\/wp-json\/wp\/v2\/posts"}],"about":[{"href":"https:\/\/www.radiopresidenteibanez.cl\/web\/wp-json\/wp\/v2\/types\/post"}],"author":[{"embeddable":true,"href":"https:\/\/www.radiopresidenteibanez.cl\/web\/wp-json\/wp\/v2\/users\/2"}],"replies":[{"embeddable":true,"href":"https:\/\/www.radiopresidenteibanez.cl\/web\/wp-json\/wp\/v2\/comments?post=14563"}],"version-history":[{"count":0,"href":"https:\/\/www.radiopresidenteibanez.cl\/web\/wp-json\/wp\/v2\/posts\/14563\/revisions"}],"wp:featuredmedia":[{"embeddable":true,"href":"https:\/\/www.radiopresidenteibanez.cl\/web\/wp-json\/wp\/v2\/media\/14564"}],"wp:attachment":[{"href":"https:\/\/www.radiopresidenteibanez.cl\/web\/wp-json\/wp\/v2\/media?parent=14563"}],"wp:term":[{"taxonomy":"category","embeddable":true,"href":"https:\/\/www.radiopresidenteibanez.cl\/web\/wp-json\/wp\/v2\/categories?post=14563"},{"taxonomy":"post_tag","embeddable":true,"href":"https:\/\/www.radiopresidenteibanez.cl\/web\/wp-json\/wp\/v2\/tags?post=14563"}],"curies":[{"name":"wp","href":"https:\/\/api.w.org\/{rel}","templated":true}]}}