{"id":14559,"date":"2020-09-03T20:11:00","date_gmt":"2020-09-03T20:11:00","guid":{"rendered":"https:\/\/www.radiopresidenteibanez.cl\/web\/?p=14559"},"modified":"2020-09-03T20:11:06","modified_gmt":"2020-09-03T20:11:06","slug":"mas-de-500-profesionales-fueron-parte-del-encuentro-nacional-virtual-de-la-red-pace","status":"publish","type":"post","link":"https:\/\/www.radiopresidenteibanez.cl\/web\/mas-de-500-profesionales-fueron-parte-del-encuentro-nacional-virtual-de-la-red-pace\/","title":{"rendered":"M\u00c1S DE 500 PROFESIONALES FUERON PARTE DEL ENCUENTRO NACIONAL VIRTUAL DE LA RED PACE"},"content":{"rendered":"\n<p>El equipo del\nPrograma de Acompa\u00f1amiento en la Educaci\u00f3n Superior (PACE) de la Universidad de\nMagallanes particip\u00f3 del Encuentro Nacional Virtual de la Red PACE, que tuvo\npor objetivo seguir fortaleciendo los procesos de transici\u00f3n a la educaci\u00f3n\nsuperior y reunir, por primera vez de forma virtual, a las 31 instituciones de\neducaci\u00f3n superior adscritas al programa, para as\u00ed poder analizar sus\nproyecciones e impacto y, a la vez,&nbsp; intercambiar\nexperiencias que derivan de su implementaci\u00f3n a lo largo del territorio\nnacional.<\/p>\n\n\n\n<p>Durante la\nactividad se desarrollaron 11 mesas de trabajo organizadas de acuerdo a los\ntres componentes que engloban el programa: Preparaci\u00f3n en la Ense\u00f1anza Media\n(PEM), Acompa\u00f1amiento en la Educaci\u00f3n Superior (AES) y Gesti\u00f3n Operativa (GO). <\/p>\n\n\n\n<p>Siendo 500 los\nprofesionales que a trav\u00e9s de las diversas plataformas de streaming, fueron\nparte del encuentro, que se realiz\u00f3 de manera virtual, dado el contexto\nnacional de pandemia. Un hecho in\u00e9dito que permiti\u00f3 reunir las voces de\nrepresentantes del programa de todo el territorio. <\/p>\n\n\n\n<p>Frente a esto,\nJuan Eduardo Vargas, Subsecretario de Educaci\u00f3n Superior, expres\u00f3 que <strong>\u201c<\/strong>el PACE ha sido tremendamente efectivo\nen t\u00e9rminos de garantizar el acceso a la educaci\u00f3n superior. Ver y escuchar las\nexperiencias sin duda refuerza lo potente que es este programa y tambi\u00e9n creo\nque es importante mencionarlo, ya que hay otras acciones que hemos emprendido\nen b\u00fasqueda de mayor equidad en la educaci\u00f3n superior\u201d.<\/p>\n\n\n\n<p>En la misma\nl\u00ednea de an\u00e1lisis del impacto y las proyecciones del programa en el marco de\nuna pol\u00edtica p\u00fablica que contribuya a disminuir las brechas de acceso a la\neducaci\u00f3n superior, el Subsecretario agrego que \u201cel objetivo es promover la\nequidad en el acceso a la educaci\u00f3n superior, porque en definitiva los\ntalentos, estamos convencidos, est\u00e1n igualmente repartidos en toda la\npoblaci\u00f3n. Este espacio tambi\u00e9n nos genera la posibilidad de que el PACE pueda\nestar en una constante revisi\u00f3n, apuntando a la mejora continua\u201d. <\/p>\n\n\n\n<p>A su vez, el Dr.\nNibaldo Avil\u00e9s, Rector de la Universidad de La Serena, quien abri\u00f3 la jornada\ncomo entidad anfitriona, indic\u00f3 que \u201ccada una de las instituciones que forma\nparte de la organizaci\u00f3n de esta jornada ha demostrado estar involucrada en el\ncrecimiento continuo de los j\u00f3venes de nuestro pa\u00eds. No cabe duda de que este\nencuentro permitir\u00e1 agilizar acciones y estrechar lazos, transform\u00e1ndose en un\nespacio de reflexi\u00f3n para seguir avanzando en materia de equidad en el acceso a\nla educaci\u00f3n superior\u201d. <\/p>\n","protected":false},"excerpt":{"rendered":"<p>El equipo del Programa de Acompa\u00f1amiento en la Educaci\u00f3n Superior (PACE) de la Universidad de Magallanes particip\u00f3 del Encuentro Nacional Virtual de la Red PACE, que tuvo por objetivo seguir&#8230; <a class=\"read-more\" href=\"https:\/\/www.radiopresidenteibanez.cl\/web\/mas-de-500-profesionales-fueron-parte-del-encuentro-nacional-virtual-de-la-red-pace\/\">Leer m\u00e1s<\/a><\/p>\n","protected":false},"author":2,"featured_media":14560,"comment_status":"closed","ping_status":"closed","sticky":false,"template":"","format":"standard","meta":{"footnotes":""},"categories":[1],"tags":[],"class_list":["post-14559","post","type-post","status-publish","format-standard","has-post-thumbnail","hentry","category-cronica"],"_links":{"self":[{"href":"https:\/\/www.radiopresidenteibanez.cl\/web\/wp-json\/wp\/v2\/posts\/14559","targetHints":{"allow":["GET"]}}],"collection":[{"href":"https:\/\/www.radiopresidenteibanez.cl\/web\/wp-json\/wp\/v2\/posts"}],"about":[{"href":"https:\/\/www.radiopresidenteibanez.cl\/web\/wp-json\/wp\/v2\/types\/post"}],"author":[{"embeddable":true,"href":"https:\/\/www.radiopresidenteibanez.cl\/web\/wp-json\/wp\/v2\/users\/2"}],"replies":[{"embeddable":true,"href":"https:\/\/www.radiopresidenteibanez.cl\/web\/wp-json\/wp\/v2\/comments?post=14559"}],"version-history":[{"count":0,"href":"https:\/\/www.radiopresidenteibanez.cl\/web\/wp-json\/wp\/v2\/posts\/14559\/revisions"}],"wp:featuredmedia":[{"embeddable":true,"href":"https:\/\/www.radiopresidenteibanez.cl\/web\/wp-json\/wp\/v2\/media\/14560"}],"wp:attachment":[{"href":"https:\/\/www.radiopresidenteibanez.cl\/web\/wp-json\/wp\/v2\/media?parent=14559"}],"wp:term":[{"taxonomy":"category","embeddable":true,"href":"https:\/\/www.radiopresidenteibanez.cl\/web\/wp-json\/wp\/v2\/categories?post=14559"},{"taxonomy":"post_tag","embeddable":true,"href":"https:\/\/www.radiopresidenteibanez.cl\/web\/wp-json\/wp\/v2\/tags?post=14559"}],"curies":[{"name":"wp","href":"https:\/\/api.w.org\/{rel}","templated":true}]}}