{"id":14556,"date":"2020-09-03T20:09:46","date_gmt":"2020-09-03T20:09:46","guid":{"rendered":"https:\/\/www.radiopresidenteibanez.cl\/web\/?p=14556"},"modified":"2020-09-03T20:09:50","modified_gmt":"2020-09-03T20:09:50","slug":"deficits-financiero-municipal-maximos-directivos-de-los-municipios-de-todo-el-pais-tendran-reunion-clave","status":"publish","type":"post","link":"https:\/\/www.radiopresidenteibanez.cl\/web\/deficits-financiero-municipal-maximos-directivos-de-los-municipios-de-todo-el-pais-tendran-reunion-clave\/","title":{"rendered":"D\u00c9FICITS FINANCIERO MUNICIPAL: M\u00c1XIMOS DIRECTIVOS DE LOS MUNICIPIOS DE TODO EL PA\u00cdS TENDR\u00c1N REUNI\u00d3N CLAVE"},"content":{"rendered":"\n<p>\n\nEl Directorio de la Asociaci\u00f3n Chilena de Municipalidades (AChM), encabezado por el alcalde de Natales, Fernando Paredes, m\u00e1s los 20 directivos del Comit\u00e9 Ejecutivo y los presidentes de la Asociaciones Regionales de Municipalidades se reunir\u00e1n ma\u00f1ana viernes para analizar -los pasos a seguir- para resolver los problemas de insolvencia financiera, que tiene a punto de colapsar el sistema municipal.<\/p>\n\n\n\n<p>El alcalde Paredes se refiri\u00f3 a esta reuni\u00f3n indicando que, \u00abel Directorio de la AChM junto al comit\u00e9 ejecutivo ampliado y los representantes de las asociaciones regionales, vamos a sostener una reuni\u00f3n, para analizar la dif\u00edcil situaci\u00f3n financiera que est\u00e1 atravesando todo el municipalismo en el pa\u00eds, y lo que nos espera en el corto y mediano plazo\u00bb.<\/p>\n\n\n\n<p>El representante de la AChM se refiri\u00f3 a los informes financieros que ha emitido la Asociaci\u00f3n, que constata que hay un d\u00e9ficit real al mes de julio 2020 de 592 mil millones de pesos, producto de los menores ingresos por conceptos de Fondo Com\u00fan Municipal , permisos de circulaci\u00f3n, patentes comerciales, entre los \u00edtems m\u00e1s relevantes: \u00abLa idea es exponer junto al equipo institucional, cu\u00e1l es la mirada respecto de los n\u00fameros que hemos logrado recabar de todas las municipalidades\u00bb.<\/p>\n\n\n\n<p>Paredes se\u00f1al\u00f3 que han realizado gestiones en todos los niveles del Estado, alertando sobre los d\u00e9ficits municipales, acotando que, \u00abAcabo de ser invitado como presidente de la AChM, a la Comisi\u00f3n de Gobierno Interior del Senado, donde pude exponer la gravedad de esta situaci\u00f3n\u00bb.<\/p>\n\n\n\n<p>Finalmente, el jefe comunal de Natales env\u00edo un video aclarando el objetivo de la reuni\u00f3n y lo importante que es para todas las autoridades municipales: \u201cQuer\u00eda bajar esta informaci\u00f3n, entendiendo que hoy en gran parte de los municipios de nuestro pa\u00eds, hay una preocupaci\u00f3n latente respecto de los menores ingresos, que hemos percibido, la situaci\u00f3n del fondo com\u00fan, y todas estas materias las estamos trabajando al interior de nuestra Asociaci\u00f3n y precisamente, la idea de este viernes, es profundizar respecto de estos temas\u00bb.\n\n<\/p>\n","protected":false},"excerpt":{"rendered":"<p>El Directorio de la Asociaci\u00f3n Chilena de Municipalidades (AChM), encabezado por el alcalde de Natales, Fernando Paredes, m\u00e1s los 20 directivos del Comit\u00e9 Ejecutivo y los presidentes de la Asociaciones&#8230; <a class=\"read-more\" href=\"https:\/\/www.radiopresidenteibanez.cl\/web\/deficits-financiero-municipal-maximos-directivos-de-los-municipios-de-todo-el-pais-tendran-reunion-clave\/\">Leer m\u00e1s<\/a><\/p>\n","protected":false},"author":2,"featured_media":14557,"comment_status":"closed","ping_status":"closed","sticky":false,"template":"","format":"standard","meta":{"footnotes":""},"categories":[1],"tags":[],"class_list":["post-14556","post","type-post","status-publish","format-standard","has-post-thumbnail","hentry","category-cronica"],"_links":{"self":[{"href":"https:\/\/www.radiopresidenteibanez.cl\/web\/wp-json\/wp\/v2\/posts\/14556","targetHints":{"allow":["GET"]}}],"collection":[{"href":"https:\/\/www.radiopresidenteibanez.cl\/web\/wp-json\/wp\/v2\/posts"}],"about":[{"href":"https:\/\/www.radiopresidenteibanez.cl\/web\/wp-json\/wp\/v2\/types\/post"}],"author":[{"embeddable":true,"href":"https:\/\/www.radiopresidenteibanez.cl\/web\/wp-json\/wp\/v2\/users\/2"}],"replies":[{"embeddable":true,"href":"https:\/\/www.radiopresidenteibanez.cl\/web\/wp-json\/wp\/v2\/comments?post=14556"}],"version-history":[{"count":0,"href":"https:\/\/www.radiopresidenteibanez.cl\/web\/wp-json\/wp\/v2\/posts\/14556\/revisions"}],"wp:featuredmedia":[{"embeddable":true,"href":"https:\/\/www.radiopresidenteibanez.cl\/web\/wp-json\/wp\/v2\/media\/14557"}],"wp:attachment":[{"href":"https:\/\/www.radiopresidenteibanez.cl\/web\/wp-json\/wp\/v2\/media?parent=14556"}],"wp:term":[{"taxonomy":"category","embeddable":true,"href":"https:\/\/www.radiopresidenteibanez.cl\/web\/wp-json\/wp\/v2\/categories?post=14556"},{"taxonomy":"post_tag","embeddable":true,"href":"https:\/\/www.radiopresidenteibanez.cl\/web\/wp-json\/wp\/v2\/tags?post=14556"}],"curies":[{"name":"wp","href":"https:\/\/api.w.org\/{rel}","templated":true}]}}