{"id":14553,"date":"2020-09-03T20:02:11","date_gmt":"2020-09-03T20:02:11","guid":{"rendered":"https:\/\/www.radiopresidenteibanez.cl\/web\/?p=14553"},"modified":"2020-09-03T20:02:17","modified_gmt":"2020-09-03T20:02:17","slug":"fallecio-el-historico-radiocontrolador-de-cooperativa-waldemar-christensen","status":"publish","type":"post","link":"https:\/\/www.radiopresidenteibanez.cl\/web\/fallecio-el-historico-radiocontrolador-de-cooperativa-waldemar-christensen\/","title":{"rendered":"FALLECI\u00d3 EL HIST\u00d3RICO RADIOCONTROLADOR DE COOPERATIVA WALDEMAR CHRISTENSEN"},"content":{"rendered":"\n<p>El profesional, que lleg\u00f3 en los\nalbores de la radioemisora, muri\u00f3 cuando bordeaba los 100 a\u00f1os de edad, inform\u00f3\nsu familia. \u00abConstituye uno de los valores esenciales que ha tenido la\nradio\u00bb, destac\u00f3 Sergio Campos, conductor de El Diario de Cooperativa. <\/p>\n\n\n\n<p>El hist\u00f3rico radiocontrolador de\nRadio Cooperativa Waldemar Christensen falleci\u00f3 cuando bordeaba los 100 a\u00f1os de\nedad, deceso que fue confirmado por su familia.<\/p>\n\n\n\n<p>\u00abFue parte de los primeros\nequipos de radiocontroladores y en la Radio Cooperativa cuando era Radio\nCooperativa Vitalicia; el sonido fue una de sus pasiones durante toda la vida,\ndesde los tiempos de Pedro Aguirre Cerda\u00bb, record\u00f3 Sergio Campos,\nperiodista y conductor de El Diario de Cooperativa.<\/p>\n\n\n\n<p>\u00ab\u00c9l control\u00f3 voces como\nAdolfo Yankelevich, Ricardo Montenegro, Ofelia Gacit\u00faa, Petronio Romo, Sergio\nSilva, Luis Hern\u00e1ndez Parker, Ricardo Garc\u00eda. Tambi\u00e9n fue sonidista en\nradioteatro y en el deporte; viaj\u00f3 por el mundo\u00bb, rememor\u00f3 Campos.<\/p>\n\n\n\n<p>Waldemar Christensen, quien dej\u00f3\nla radio en 1995 para acogerse a la jubilaci\u00f3n, \u00abconstituye uno de los\nvalores esenciales que ha tenido la radio en materia de sonido\u00bb, por lo\nque tambi\u00e9n recibi\u00f3 \u00abel Premio a la Trayectoria de parte de la Asociaci\u00f3n\nde Radiodifusores de Chile\u00bb.<\/p>\n\n\n\n<p>\u00abEs muy trascendente, nos\nimpacta much\u00edsimo su fallecimiento cuando ya pisaba los 100 a\u00f1os, el viejo\nWaldemar que nos acompa\u00f1\u00f3 en tantas jornadas y en tantos episodios\ninformativos\u00bb, destac\u00f3 el conductor.<\/p>\n\n\n\n<p>\u00abEn nombre de las miles de\npersonas que han trabajado en Radio Cooperativa, que el adi\u00f3s te acompa\u00f1e\nsiempre con nuestro cari\u00f1o y nuestro amor, por tu trabajo y tu gran\nhumanidad\u00bb, expres\u00f3 Campos. <\/p>\n\n\n\n<p>Fuente: Cooperativa.cl<\/p>\n","protected":false},"excerpt":{"rendered":"<p>El profesional, que lleg\u00f3 en los albores de la radioemisora, muri\u00f3 cuando bordeaba los 100 a\u00f1os de edad, inform\u00f3 su familia. \u00abConstituye uno de los valores esenciales que ha tenido&#8230; <a class=\"read-more\" href=\"https:\/\/www.radiopresidenteibanez.cl\/web\/fallecio-el-historico-radiocontrolador-de-cooperativa-waldemar-christensen\/\">Leer m\u00e1s<\/a><\/p>\n","protected":false},"author":2,"featured_media":14554,"comment_status":"closed","ping_status":"closed","sticky":false,"template":"","format":"standard","meta":{"footnotes":""},"categories":[1],"tags":[],"class_list":["post-14553","post","type-post","status-publish","format-standard","has-post-thumbnail","hentry","category-cronica"],"_links":{"self":[{"href":"https:\/\/www.radiopresidenteibanez.cl\/web\/wp-json\/wp\/v2\/posts\/14553","targetHints":{"allow":["GET"]}}],"collection":[{"href":"https:\/\/www.radiopresidenteibanez.cl\/web\/wp-json\/wp\/v2\/posts"}],"about":[{"href":"https:\/\/www.radiopresidenteibanez.cl\/web\/wp-json\/wp\/v2\/types\/post"}],"author":[{"embeddable":true,"href":"https:\/\/www.radiopresidenteibanez.cl\/web\/wp-json\/wp\/v2\/users\/2"}],"replies":[{"embeddable":true,"href":"https:\/\/www.radiopresidenteibanez.cl\/web\/wp-json\/wp\/v2\/comments?post=14553"}],"version-history":[{"count":0,"href":"https:\/\/www.radiopresidenteibanez.cl\/web\/wp-json\/wp\/v2\/posts\/14553\/revisions"}],"wp:featuredmedia":[{"embeddable":true,"href":"https:\/\/www.radiopresidenteibanez.cl\/web\/wp-json\/wp\/v2\/media\/14554"}],"wp:attachment":[{"href":"https:\/\/www.radiopresidenteibanez.cl\/web\/wp-json\/wp\/v2\/media?parent=14553"}],"wp:term":[{"taxonomy":"category","embeddable":true,"href":"https:\/\/www.radiopresidenteibanez.cl\/web\/wp-json\/wp\/v2\/categories?post=14553"},{"taxonomy":"post_tag","embeddable":true,"href":"https:\/\/www.radiopresidenteibanez.cl\/web\/wp-json\/wp\/v2\/tags?post=14553"}],"curies":[{"name":"wp","href":"https:\/\/api.w.org\/{rel}","templated":true}]}}