{"id":14550,"date":"2020-09-03T17:05:49","date_gmt":"2020-09-03T17:05:49","guid":{"rendered":"https:\/\/www.radiopresidenteibanez.cl\/web\/?p=14550"},"modified":"2020-09-03T17:05:54","modified_gmt":"2020-09-03T17:05:54","slug":"senadora-goic-destaca-proyecto-que-incorpora-a-las-y-los-trabajadores-de-casas-particulares-al-seguro-de-desempleo","status":"publish","type":"post","link":"https:\/\/www.radiopresidenteibanez.cl\/web\/senadora-goic-destaca-proyecto-que-incorpora-a-las-y-los-trabajadores-de-casas-particulares-al-seguro-de-desempleo\/","title":{"rendered":"SENADORA GOIC DESTACA PROYECTO QUE INCORPORA A LAS Y LOS TRABAJADORES DE CASAS PARTICULARES AL SEGURO DE DESEMPLEO"},"content":{"rendered":"\n<p>Como un leg\u00edtimo derecho en beneficio de los y las trabajadoras de casas particulares calific\u00f3 la senadora magall\u00e1nica Carolina Goic el proyecto de ley aprobado en su primer tr\u00e1mite en el senado, que incorpora a m\u00e1s de 220 mil personas a nivel nacional, al seguro de cesant\u00eda en caso de despido.<\/p>\n\n\n\n<p>\u201cEsta era una demanda muy sentida por ellas, lo que hemos aprobado es que van a tener derecho a usar este seguro en caso de despido y van a mantener una parte de su indemnizaci\u00f3n. Lo importante a su vez, que es porcentaje de cotizaci\u00f3n sigue siendo el mismo, es decir 4,11%, por lo que este derecho no va a significar un costo adicional, pero s\u00ed una cobertura muy importante, pudiendo hacer uso del fondo solidario del seguro de cesant\u00eda tal cual lo hacen los trabajadores con contrato indefinido\u201d, explic\u00f3 la senadora.<\/p>\n\n\n\n<p>La parlamentaria destac\u00f3 una vez m\u00e1s el trabajo mancomunado que se hizo junto a las dirigentas nacionales y regionales, valorando a la dirigenta de ANECAP Magallanes Catalina Rivera, con quien durante a\u00f1os ha trabajado, obteniendo logros, tales como, la nivelaci\u00f3n del salario m\u00ednimo, el derecho a feriado en el caso de las trabajadoras puertas adentro y el reconocimiento de la jornada laboral.<\/p>\n\n\n\n<p>\u201cEste proyecto hace que nos pongamos al d\u00eda con el Convenio 189 de la OIT, pero adem\u00e1s frente a una crisis y situaci\u00f3n de emergencia como el Covid, hagamos un real cambio, que las proteja. Este es un paso m\u00e1s que demos por un grupo de mujeres que hacen un trabajo tremendamente relevante y que requieren el mismo reconocimiento y un mismo derecho\u201d, concluy\u00f3 la senadora Goic. <\/p>\n","protected":false},"excerpt":{"rendered":"<p>Como un leg\u00edtimo derecho en beneficio de los y las trabajadoras de casas particulares calific\u00f3 la senadora magall\u00e1nica Carolina Goic el proyecto de ley aprobado en su primer tr\u00e1mite en&#8230; <a class=\"read-more\" href=\"https:\/\/www.radiopresidenteibanez.cl\/web\/senadora-goic-destaca-proyecto-que-incorpora-a-las-y-los-trabajadores-de-casas-particulares-al-seguro-de-desempleo\/\">Leer m\u00e1s<\/a><\/p>\n","protected":false},"author":2,"featured_media":13906,"comment_status":"closed","ping_status":"closed","sticky":false,"template":"","format":"standard","meta":{"footnotes":""},"categories":[1],"tags":[],"class_list":["post-14550","post","type-post","status-publish","format-standard","has-post-thumbnail","hentry","category-cronica"],"_links":{"self":[{"href":"https:\/\/www.radiopresidenteibanez.cl\/web\/wp-json\/wp\/v2\/posts\/14550","targetHints":{"allow":["GET"]}}],"collection":[{"href":"https:\/\/www.radiopresidenteibanez.cl\/web\/wp-json\/wp\/v2\/posts"}],"about":[{"href":"https:\/\/www.radiopresidenteibanez.cl\/web\/wp-json\/wp\/v2\/types\/post"}],"author":[{"embeddable":true,"href":"https:\/\/www.radiopresidenteibanez.cl\/web\/wp-json\/wp\/v2\/users\/2"}],"replies":[{"embeddable":true,"href":"https:\/\/www.radiopresidenteibanez.cl\/web\/wp-json\/wp\/v2\/comments?post=14550"}],"version-history":[{"count":0,"href":"https:\/\/www.radiopresidenteibanez.cl\/web\/wp-json\/wp\/v2\/posts\/14550\/revisions"}],"wp:featuredmedia":[{"embeddable":true,"href":"https:\/\/www.radiopresidenteibanez.cl\/web\/wp-json\/wp\/v2\/media\/13906"}],"wp:attachment":[{"href":"https:\/\/www.radiopresidenteibanez.cl\/web\/wp-json\/wp\/v2\/media?parent=14550"}],"wp:term":[{"taxonomy":"category","embeddable":true,"href":"https:\/\/www.radiopresidenteibanez.cl\/web\/wp-json\/wp\/v2\/categories?post=14550"},{"taxonomy":"post_tag","embeddable":true,"href":"https:\/\/www.radiopresidenteibanez.cl\/web\/wp-json\/wp\/v2\/tags?post=14550"}],"curies":[{"name":"wp","href":"https:\/\/api.w.org\/{rel}","templated":true}]}}