{"id":1455,"date":"2019-02-14T19:26:26","date_gmt":"2019-02-14T19:26:26","guid":{"rendered":"http:\/\/www.radiopresidenteibanez.cl\/web\/?p=1455"},"modified":"2019-02-14T19:26:33","modified_gmt":"2019-02-14T19:26:33","slug":"seremi-de-salud-magallanes-intensifica-fiscalizacion-de-utiles-escolares-previo-a-inicio-de-clases-2019","status":"publish","type":"post","link":"https:\/\/www.radiopresidenteibanez.cl\/web\/seremi-de-salud-magallanes-intensifica-fiscalizacion-de-utiles-escolares-previo-a-inicio-de-clases-2019\/","title":{"rendered":"SEREMI DE SALUD MAGALLANES INTENSIFICA FISCALIZACI\u00d3N DE \u00daTILES ESCOLARES PREVIO A INICIO DE CLASES 2019"},"content":{"rendered":"\n<p>Como\nes habitual durante esta \u00e9poca del a\u00f1o cuando faltan pocas semanas para que\ncomience el a\u00f1o escolar, la Secretar\u00eda Regional Ministerial de Salud de\nMagallanes intensifica las fiscalizaciones a establecimientos y locales para\nverificar el adecuado etiquetado de adhesivos, pegamentos y pinturas de uso\ninfantil y escolar. <\/p>\n\n\n\n<p>Fue\nas\u00ed como esta ma\u00f1ana la Autoridad Sanitaria Regional junto a un equipo del Departamento\nde Acci\u00f3n Sanitaria fiscaliz\u00f3 el local de S\u00e1nchez y S\u00e1nchez de ZonAustral,\nverificando que se cumpla con la normativa establecida para resguardar la salud\nde los estudiantes.&nbsp;En el local fiscalizado no se detectaron deficiencias.<\/p>\n\n\n\n<p>La\nSEREMI de Salud de Magallanes, Mariela Rojas, explic\u00f3 que \u201ca semanas de empezar\nla temporada escolar, esta Serem\u00eda junto con nuestro Gobierno a lo largo de\ntodo el pa\u00eds reinicia las fiscalizaciones a los art\u00edculos escolares, con el\nobjetivo de proteger a nuestros ni\u00f1os y que no utilicen productos que no est\u00e9n\netiquetados adecuadamente o que no tengan las advertencias correspondientes. Se\nenfatiza a los padres y apoderados, incluso a los mismos ni\u00f1os, que lean cu\u00e1les\nson las condiciones de los productos para ser utilizados. En este momento se\nrecomienda a la comunidad que adquieran productos s\u00f3lo en locales establecidos\nque cuenten con autorizaci\u00f3n, y que los productos tengan el etiquetado con la\ninformaci\u00f3n correspondiente\u201d, agregando que las inspecciones se refuerzan\ndurante todo este periodo.<\/p>\n\n\n\n<p>Los\naspectos que se fiscalizan en materia de \u00fatiles escolares son el cumplimiento\ndel D.S. N\u00ba754\/98 que Proh\u00edbe el Uso de Tolueno en Adhesivos y Pegamentos.El art\u00edculo 3\u00ba del mismo decreto,\nindica que se aceptar\u00e1 la presencia del solvente tolueno en adhesivos y\npegamentos de uso dom\u00e9stico cuando \u00e9ste se encuentre como impureza, no pudiendo,\nen tal caso, exceder su concentraci\u00f3n de 0,5% en peso de tolueno. El tolueno es\nun solvente org\u00e1nico que puede originar efectos en el sistema nervioso central\ncon da\u00f1os neurol\u00f3gicos, y la intoxicaci\u00f3n aguda puede causar la muerte por\ncardiopat\u00eda.<\/p>\n\n\n\n<p>En tanto, para\nefectos de la fiscalizaci\u00f3n de los art\u00edculos escolares con pintura, tales como\ntemperas, acuarelas, plastilinas, l\u00e1pices de colores, crayones u otro similar,\nse aplica el D.S. N\u00ba374\/97 del MINSAL, que en su art\u00edculo 3\u00ba indica que el\nL\u00edmite M\u00e1ximo Permisible de Plomo en Pintura no&nbsp;podr\u00e1 tener una\nconcentraci\u00f3n superior a 0,06 %. La exposici\u00f3n al plomo puede provocar retardo\nintelectual, problemas de anemia, hipertensi\u00f3n e incluso esterilidad en los\nvarones, teniendo un efecto acumulativo en el tiempo. <\/p>\n\n\n\n<p>Hay\nque indicar a la comunidad&nbsp;que todos aquellos productos que se\ncomercializan en el pa\u00eds que contengan la advertencia \u201cUSESE EN AMBIENTES\nVENTILADOS, LA INHALACION FRECUENTE Y PROLONGADA DE ESTE PRODUCTO GENERA DA\u00d1OS\nIRREPARABLES A LA SALUD, MINISTERIO DE SALUD\u201d, corresponden a productos que NO\nson adecuados para los ni\u00f1os, dado que contienen en su composici\u00f3n sustancias\nnocivas para su salud.<\/p>\n\n\n\n<p>En\nPunta Arenas se fiscalizan aproximadamente 35 locales que venden \u00fatiles\nescolares. Durante este periodo no se han iniciado sumarios sanitarios a este\ntipo de locales.<\/p>\n","protected":false},"excerpt":{"rendered":"<p>Como es habitual durante esta \u00e9poca del a\u00f1o cuando faltan pocas semanas para que comience el a\u00f1o escolar, la Secretar\u00eda Regional Ministerial de Salud de Magallanes intensifica las fiscalizaciones a&#8230; <a class=\"read-more\" href=\"https:\/\/www.radiopresidenteibanez.cl\/web\/seremi-de-salud-magallanes-intensifica-fiscalizacion-de-utiles-escolares-previo-a-inicio-de-clases-2019\/\">Leer m\u00e1s<\/a><\/p>\n","protected":false},"author":2,"featured_media":1456,"comment_status":"closed","ping_status":"closed","sticky":false,"template":"","format":"standard","meta":{"footnotes":""},"categories":[1],"tags":[],"class_list":["post-1455","post","type-post","status-publish","format-standard","has-post-thumbnail","hentry","category-cronica"],"_links":{"self":[{"href":"https:\/\/www.radiopresidenteibanez.cl\/web\/wp-json\/wp\/v2\/posts\/1455","targetHints":{"allow":["GET"]}}],"collection":[{"href":"https:\/\/www.radiopresidenteibanez.cl\/web\/wp-json\/wp\/v2\/posts"}],"about":[{"href":"https:\/\/www.radiopresidenteibanez.cl\/web\/wp-json\/wp\/v2\/types\/post"}],"author":[{"embeddable":true,"href":"https:\/\/www.radiopresidenteibanez.cl\/web\/wp-json\/wp\/v2\/users\/2"}],"replies":[{"embeddable":true,"href":"https:\/\/www.radiopresidenteibanez.cl\/web\/wp-json\/wp\/v2\/comments?post=1455"}],"version-history":[{"count":0,"href":"https:\/\/www.radiopresidenteibanez.cl\/web\/wp-json\/wp\/v2\/posts\/1455\/revisions"}],"wp:featuredmedia":[{"embeddable":true,"href":"https:\/\/www.radiopresidenteibanez.cl\/web\/wp-json\/wp\/v2\/media\/1456"}],"wp:attachment":[{"href":"https:\/\/www.radiopresidenteibanez.cl\/web\/wp-json\/wp\/v2\/media?parent=1455"}],"wp:term":[{"taxonomy":"category","embeddable":true,"href":"https:\/\/www.radiopresidenteibanez.cl\/web\/wp-json\/wp\/v2\/categories?post=1455"},{"taxonomy":"post_tag","embeddable":true,"href":"https:\/\/www.radiopresidenteibanez.cl\/web\/wp-json\/wp\/v2\/tags?post=1455"}],"curies":[{"name":"wp","href":"https:\/\/api.w.org\/{rel}","templated":true}]}}