{"id":14547,"date":"2020-09-03T16:58:43","date_gmt":"2020-09-03T16:58:43","guid":{"rendered":"https:\/\/www.radiopresidenteibanez.cl\/web\/?p=14547"},"modified":"2020-09-03T16:58:48","modified_gmt":"2020-09-03T16:58:48","slug":"entregan-detalles-del-proyecto-de-mejoramiento-del-estadio-fiscal-antonio-rispoli-diaz","status":"publish","type":"post","link":"https:\/\/www.radiopresidenteibanez.cl\/web\/entregan-detalles-del-proyecto-de-mejoramiento-del-estadio-fiscal-antonio-rispoli-diaz\/","title":{"rendered":"ENTREGAN DETALLES DEL PROYECTO DE MEJORAMIENTO DEL ESTADIO FISCAL ANTONIO R\u00cdSPOLI D\u00cdAZ"},"content":{"rendered":"\n<p>La magnitud de los\nefectos por lo pandemia coronavirus a\u00fan no se dimensionan y, po lo mismo, el\ngobierno del presidente Sebasti\u00e1n Pi\u00f1era dio a conocer el Plan Paso a Paso\nChile se Recupera, el que busca darle vuelo a la econom\u00eda a trav\u00e9s de distintas\nobras y donde est\u00e1n envueltos directamente varios ministerios, entre ellos el\nde Deportes. <\/p>\n\n\n\n<p>En la regi\u00f3n de\nMagallanes una de las grandes obras de infraestructura deportiva contempladas\ndentro de este plan ser\u00e1 el proyecto de mejoramiento del Estadio Fiscal Antonio\nR\u00edspoli D\u00edaz, el que contempla una inversi\u00f3n estimada por parte del Mindep de\n2700 millones de pesos y que, de forma directa e indirecta, generar\u00e1 505 nuevos\nempleos. <\/p>\n\n\n\n<p>\u201cEstamos muy\norgullosos de que como Mindep formemos parte de este Plan Paso a Paso Chile se\nRecupera, el que demuestra el compromiso del Presidente Sebasti\u00e1n Pi\u00f1era al\ndesarrollo deportivo y a la necesidad de generar infraestructura deportiva de\ncalidad. Invertir en deporte es fortalecer la salud y mejorar la calidad de\nvida de las personas\u201d, se\u00f1al\u00f3 la Seremi del Deporte de Magallanes y la\nAnt\u00e1rtica Chilena, Odette Callahan. <\/p>\n\n\n\n<p>El proyecto de\nmejoramiento del Estadio Fiscal Antonio R\u00edspoli D\u00edaz, el que se iniciar\u00e1 en\n2021, considera una inversi\u00f3n que permitir\u00e1 reemplazar la carpeta de pasto\nsint\u00e9tica de la cancha de f\u00fatbol, la instalaci\u00f3n de nuevos arcos, banderines, y\nel cambio en el sistema de iluminaci\u00f3n con nuevas torres luminarias. <\/p>\n\n\n\n<p>Adem\u00e1s, en el sector\nde grader\u00edas, se instalar\u00e1n nuevas butacas, reparar\u00e1n las casetas de\ntransmisi\u00f3n para la prensa, y mejorar\u00e1 la estructura de las gradas con nuevas\nescaleras y gradas. <\/p>\n\n\n\n<p>La obra de\nmejoramiento del recinto deportivo ubicado en Punta Arenas tambi\u00e9n contempla la\nreparaci\u00f3n de ba\u00f1os y camarines, nuevas instalaciones para los servicios\nb\u00e1sicos, reemplazo del cierre perimetral interior, trabajos de conservaci\u00f3n de\nboleter\u00eda y rejas del acceso principal. <\/p>\n\n\n\n<p>\u201cEl compromiso del\nMinisterio del Deporte y de la Ministra del Deporte, Cecilia P\u00e9rez, para\nrealizar este proyecto de mejoramiento del estadio Fiscal Antonio R\u00edspoli D\u00edaz es\nun gran paso para demostrar que queremos mejorar la infraestructura deportiva\nde nuestra regi\u00f3n, que el deporte es una inversi\u00f3n a futuro y no un gasto, y\nque seguiremos trabajando para sacar adelante las obras que tenemos\ncomprometidas y que sabemos est\u00e1n pendientes\u201d, cerr\u00f3 la m\u00e1xima autoridad\ndeportiva regional. <\/p>\n","protected":false},"excerpt":{"rendered":"<p>La magnitud de los efectos por lo pandemia coronavirus a\u00fan no se dimensionan y, po lo mismo, el gobierno del presidente Sebasti\u00e1n Pi\u00f1era dio a conocer el Plan Paso a&#8230; <a class=\"read-more\" href=\"https:\/\/www.radiopresidenteibanez.cl\/web\/entregan-detalles-del-proyecto-de-mejoramiento-del-estadio-fiscal-antonio-rispoli-diaz\/\">Leer m\u00e1s<\/a><\/p>\n","protected":false},"author":2,"featured_media":14548,"comment_status":"closed","ping_status":"closed","sticky":false,"template":"","format":"standard","meta":{"footnotes":""},"categories":[1],"tags":[],"class_list":["post-14547","post","type-post","status-publish","format-standard","has-post-thumbnail","hentry","category-cronica"],"_links":{"self":[{"href":"https:\/\/www.radiopresidenteibanez.cl\/web\/wp-json\/wp\/v2\/posts\/14547","targetHints":{"allow":["GET"]}}],"collection":[{"href":"https:\/\/www.radiopresidenteibanez.cl\/web\/wp-json\/wp\/v2\/posts"}],"about":[{"href":"https:\/\/www.radiopresidenteibanez.cl\/web\/wp-json\/wp\/v2\/types\/post"}],"author":[{"embeddable":true,"href":"https:\/\/www.radiopresidenteibanez.cl\/web\/wp-json\/wp\/v2\/users\/2"}],"replies":[{"embeddable":true,"href":"https:\/\/www.radiopresidenteibanez.cl\/web\/wp-json\/wp\/v2\/comments?post=14547"}],"version-history":[{"count":0,"href":"https:\/\/www.radiopresidenteibanez.cl\/web\/wp-json\/wp\/v2\/posts\/14547\/revisions"}],"wp:featuredmedia":[{"embeddable":true,"href":"https:\/\/www.radiopresidenteibanez.cl\/web\/wp-json\/wp\/v2\/media\/14548"}],"wp:attachment":[{"href":"https:\/\/www.radiopresidenteibanez.cl\/web\/wp-json\/wp\/v2\/media?parent=14547"}],"wp:term":[{"taxonomy":"category","embeddable":true,"href":"https:\/\/www.radiopresidenteibanez.cl\/web\/wp-json\/wp\/v2\/categories?post=14547"},{"taxonomy":"post_tag","embeddable":true,"href":"https:\/\/www.radiopresidenteibanez.cl\/web\/wp-json\/wp\/v2\/tags?post=14547"}],"curies":[{"name":"wp","href":"https:\/\/api.w.org\/{rel}","templated":true}]}}