{"id":14545,"date":"2020-09-03T16:42:22","date_gmt":"2020-09-03T16:42:22","guid":{"rendered":"https:\/\/www.radiopresidenteibanez.cl\/web\/?p=14545"},"modified":"2020-09-03T16:42:27","modified_gmt":"2020-09-03T16:42:27","slug":"seremi-del-trabajo-destaca-aprobacion-de-proyecto-que-mejora-ley-de-proteccion-del-empleo-y-acceso-al-seguro-de-desempleo","status":"publish","type":"post","link":"https:\/\/www.radiopresidenteibanez.cl\/web\/seremi-del-trabajo-destaca-aprobacion-de-proyecto-que-mejora-ley-de-proteccion-del-empleo-y-acceso-al-seguro-de-desempleo\/","title":{"rendered":"SEREMI DEL TRABAJO DESTACA APROBACI\u00d3N DE PROYECTO QUE MEJORA LEY DE PROTECCI\u00d3N DEL EMPLEO Y ACCESO AL SEGURO DE DESEMPLEO"},"content":{"rendered":"\n<p><em>Luego que el\nCongreso Nacional despachara el proyecto que perfecciona la Ley de Protecci\u00f3n\ndel Empleo y que flexibiliza los requisitos de acceso e incrementa los montos\ndel Seguro de Cesant\u00eda, la Seremi del Trabajo, Victoria Cort\u00e9s, destac\u00f3 la\naprobaci\u00f3n de esta iniciativa se\u00f1alando que esta \u201cha sido muy esperada por los\ntrabajadores que actualmente se encuentran cobrando el Seguro de Cesant\u00eda y\ntambi\u00e9n para quienes a\u00fan no han podido acceder a \u00e9l y, a trav\u00e9s de esta ley,\npodr\u00e1n hacerlo\u201d.<\/em><em><\/em><\/p>\n\n\n\n<p><em>Una vez\npromulgada, esta normativa permitir\u00e1 continuar protegiendo los ingresos y\nsalarios de miles de trabajadores magall\u00e1nicos y sus familias en medio de la\ncrisis sanitaria producto del Covid-19.<\/em><em><\/em><\/p>\n\n\n\n<p><em>\u201cEsta, sin\nduda, es una gran noticia para muchos trabajadores acogidos a la Ley de Protecci\u00f3n\ndel Empleo y para quienes est\u00e1n haciendo cobro de su Seguro de Cesant\u00eda, pero\ntambi\u00e9n para otros que, a pesar de estar sin empleo, no pod\u00edan acceder a este\nbeneficio. Como gobierno del Presidente Sebasti\u00e1n Pi\u00f1era estamos muy contentos,\ndado que esta aprobaci\u00f3n llega en un momento muy necesario -estamos nuevamente\nen cuarentena- por tanto, son muchas las familias que requieren con urgencia\nque sus ingresos no sigan disminuyendo\u201d, expres\u00f3 Cort\u00e9s.<\/em><em><\/em><\/p>\n\n\n\n<p>En\nlo fundamental, la reforma faculta al Ejecutivo a aumentar en hasta cinco meses\nla vigencia de la Ley de Protecci\u00f3n del Empleo para que los trabajadores puedan\noptar a la suspensi\u00f3n de contrato hasta febrero de 2021 que, originalmente,\ntermina en octubre. Asimismo, incrementa el tiempo para poder solicitar la reducci\u00f3n\nde la jornada laboral hasta julio del pr\u00f3ximo a\u00f1o, plazo que tambi\u00e9n podr\u00eda\nllegar a incrementarse por otros cinco meses.<\/p>\n\n\n\n<p>Adem\u00e1s,\nagreg\u00f3 la Seremi, \u201cla ley flexibiliza y reduce transitoriamente los requisitos\nde acceso al Seguro de Cesant\u00eda, permitiendo que muchos trabajadores que est\u00e1n\nactualmente desempleados puedan optar a ese sistema con solo tres cotizaciones\ncontinuas anteriores al t\u00e9rmino de su contrato o 6 cotizaciones mensuales\ncontinuas o discontinuas en los \u00faltimos 12 meses (siempre y cuando las \u00faltimas\n2 hayan sido continuas y con el mismo empleador)\u201d.<\/p>\n\n\n\n<p>Tambi\u00e9n, la iniciativa eleva\nel m\u00e1ximo de giros hasta siete sin hacer distinci\u00f3n entre trabajadores con\ncontrato indefinido, fijo, o por obra o faena, como establece la ley original;\nsube los montos que entrega al 55% del salario imponible en el tercer y cuarto\ngiro (con efecto retroactivo al 1 de agosto), y permite incrementar los\nporcentajes originales (30%) del Seguro de Cesant\u00eda para un sexto y s\u00e9ptimo\ngiro en caso de cumplirse con ciertos paramentos definidos en un decreto\nsupremo, hasta el 45% de la remuneraci\u00f3n promedio.<\/p>\n\n\n\n<p>A nivel pa\u00eds, se estima que\nunos 2 millones de personas podr\u00e1n acceder al Seguro de Cesant\u00eda y cerca de 3\nmillones podr\u00e1n optar al financiamiento solidario del mismo. En tanto, se\nproyecta que los beneficiarios de la Ley de Protecci\u00f3n del Empleo podr\u00edan\nalcanzar los 1,2 millones de trabajadores, quienes ver\u00e1n incrementados, tanto\nel monto de sus pagos como el tiempo del beneficio.<\/p>\n\n\n\n<p>A nivel regional, hasta el\npasado 23 de agosto, ya se hab\u00edan aprobado m\u00e1s de 7.900 solicitudes de\nsuspensi\u00f3n laboral y otras 775 solicitudes de reducci\u00f3n de jornada laboral\n(Informe de la superintendencia de Pensiones).<\/p>\n","protected":false},"excerpt":{"rendered":"<p>Luego que el Congreso Nacional despachara el proyecto que perfecciona la Ley de Protecci\u00f3n del Empleo y que flexibiliza los requisitos de acceso e incrementa los montos del Seguro de&#8230; <a class=\"read-more\" href=\"https:\/\/www.radiopresidenteibanez.cl\/web\/seremi-del-trabajo-destaca-aprobacion-de-proyecto-que-mejora-ley-de-proteccion-del-empleo-y-acceso-al-seguro-de-desempleo\/\">Leer m\u00e1s<\/a><\/p>\n","protected":false},"author":2,"featured_media":11423,"comment_status":"closed","ping_status":"closed","sticky":false,"template":"","format":"standard","meta":{"footnotes":""},"categories":[1],"tags":[],"class_list":["post-14545","post","type-post","status-publish","format-standard","has-post-thumbnail","hentry","category-cronica"],"_links":{"self":[{"href":"https:\/\/www.radiopresidenteibanez.cl\/web\/wp-json\/wp\/v2\/posts\/14545","targetHints":{"allow":["GET"]}}],"collection":[{"href":"https:\/\/www.radiopresidenteibanez.cl\/web\/wp-json\/wp\/v2\/posts"}],"about":[{"href":"https:\/\/www.radiopresidenteibanez.cl\/web\/wp-json\/wp\/v2\/types\/post"}],"author":[{"embeddable":true,"href":"https:\/\/www.radiopresidenteibanez.cl\/web\/wp-json\/wp\/v2\/users\/2"}],"replies":[{"embeddable":true,"href":"https:\/\/www.radiopresidenteibanez.cl\/web\/wp-json\/wp\/v2\/comments?post=14545"}],"version-history":[{"count":0,"href":"https:\/\/www.radiopresidenteibanez.cl\/web\/wp-json\/wp\/v2\/posts\/14545\/revisions"}],"wp:featuredmedia":[{"embeddable":true,"href":"https:\/\/www.radiopresidenteibanez.cl\/web\/wp-json\/wp\/v2\/media\/11423"}],"wp:attachment":[{"href":"https:\/\/www.radiopresidenteibanez.cl\/web\/wp-json\/wp\/v2\/media?parent=14545"}],"wp:term":[{"taxonomy":"category","embeddable":true,"href":"https:\/\/www.radiopresidenteibanez.cl\/web\/wp-json\/wp\/v2\/categories?post=14545"},{"taxonomy":"post_tag","embeddable":true,"href":"https:\/\/www.radiopresidenteibanez.cl\/web\/wp-json\/wp\/v2\/tags?post=14545"}],"curies":[{"name":"wp","href":"https:\/\/api.w.org\/{rel}","templated":true}]}}