{"id":14542,"date":"2020-09-03T16:39:25","date_gmt":"2020-09-03T16:39:25","guid":{"rendered":"https:\/\/www.radiopresidenteibanez.cl\/web\/?p=14542"},"modified":"2020-09-03T16:39:32","modified_gmt":"2020-09-03T16:39:32","slug":"municipalidad-de-natales-festeja-de-manera-particular-a-los-clubes-de-adulto-mayor-por-la-tradicional-fiesta-pasaron-agosto","status":"publish","type":"post","link":"https:\/\/www.radiopresidenteibanez.cl\/web\/municipalidad-de-natales-festeja-de-manera-particular-a-los-clubes-de-adulto-mayor-por-la-tradicional-fiesta-pasaron-agosto\/","title":{"rendered":"MUNICIPALIDAD DE NATALES FESTEJA DE MANERA PARTICULAR A LOS CLUBES DE ADULTO MAYOR POR LA TRADICIONAL FIESTA \u201cPASARON AGOSTO\u201d"},"content":{"rendered":"\n<p>La Ilustre\nMunicipalidad de Natales como todos los a\u00f1os reconoci\u00f3 a quienes participan de\nlos clubes de adulto mayor de Natales bajo la celebraci\u00f3n \u201cpasaron agosto\u201d, sin\nembargo, este a\u00f1o debido a la contingencia sanitaria que afronta el pa\u00eds, se\ntom\u00f3 nuevas medidas para estar junto a ellos y no pasar por alto la tradicional\ncelebraci\u00f3n. <\/p>\n\n\n\n<p>Este a\u00f1o, el municipio entreg\u00f3 450 set de \u00fatiles de aseo a aquellos que est\u00e1n vinculados a los clubes de adulto mayor, la entrega se efectu\u00f3 en los domicilios de los beneficiados la cual coordin\u00f3 y realiz\u00f3 la Direcci\u00f3n de Desarrollo Comunitario de la Municipalidad a trav\u00e9s de la oficina del adulto mayor. <\/p>\n\n\n\n<p>El alcalde de Natales, Fernando Paredes Mansilla, acompa\u00f1ado de las concejalas Ver\u00f3nica P\u00e9rez y Francisca Molinet, llegaron al domicilio de la Presidenta de la Uni\u00f3n Comunal de Adultos Mayores de Puerto Natales, Sra. Gaby de Freittas, para hacer una entrega simb\u00f3lica del set de \u00fatiles de aseo.<\/p>\n\n\n\n<p>La m\u00e1xima\nautoridad comunal recalc\u00f3 la preocupaci\u00f3n constate que tiene el municipio con\nsus adultos mayores, inform\u00f3 que \u201cEsta idea de poder entregar los \u00fatiles de\naseo, surge de cada uno de los concejales y como municipio somos un equipo de\ntrabajo que debemos entregar un justo reconocimiento a quienes son nuestros\nadultos mayores. Hoy en d\u00eda lo m\u00e1s importante es darle un apoyo en momentos de\npandemia\u201d. <\/p>\n\n\n\n<p>La Presidenta\nde la UCAM de Puerto Natales, inform\u00f3 la complicada situaci\u00f3n que les ha tocado\nvivir a los adultos mayores con la pandemia, se\u00f1al\u00f3 que \u201cLos clubes de adulto\nmayor se han echado mucho de menos, hemos llorado porque se extra\u00f1an esos\nmomentos de reuni\u00f3n, el encierro nos hace muy mal pero ya van a venir d\u00edas\nmejores para poder estar todos juntos\u201d. <\/p>\n\n\n\n<p>La actividad se pudo ejecutar\ngracias a los fondos provenientes del Gobierno Regional de Magallanes, proyecto\ndenominado \u201cPrevenci\u00f3n y cuidado de los adultos mayores de Puerto Natales\ncontra el COVID-19\u201d. <\/p>\n\n\n\n<p>Finalmente, el\nset de \u00fatiles de aseo que entreg\u00f3 la Municipalidad de Natales a sus adultos\nmayores conten\u00eda 5 litros de detergente, 5 litros de cloro, 5 litros de jab\u00f3n\nl\u00edquido, 2 paquetes de toallitas h\u00famedas y 1 paquete de bolsas de basura. <\/p>\n","protected":false},"excerpt":{"rendered":"<p>La Ilustre Municipalidad de Natales como todos los a\u00f1os reconoci\u00f3 a quienes participan de los clubes de adulto mayor de Natales bajo la celebraci\u00f3n \u201cpasaron agosto\u201d, sin embargo, este a\u00f1o&#8230; <a class=\"read-more\" href=\"https:\/\/www.radiopresidenteibanez.cl\/web\/municipalidad-de-natales-festeja-de-manera-particular-a-los-clubes-de-adulto-mayor-por-la-tradicional-fiesta-pasaron-agosto\/\">Leer m\u00e1s<\/a><\/p>\n","protected":false},"author":2,"featured_media":14543,"comment_status":"closed","ping_status":"closed","sticky":false,"template":"","format":"standard","meta":{"footnotes":""},"categories":[1],"tags":[],"class_list":["post-14542","post","type-post","status-publish","format-standard","has-post-thumbnail","hentry","category-cronica"],"_links":{"self":[{"href":"https:\/\/www.radiopresidenteibanez.cl\/web\/wp-json\/wp\/v2\/posts\/14542","targetHints":{"allow":["GET"]}}],"collection":[{"href":"https:\/\/www.radiopresidenteibanez.cl\/web\/wp-json\/wp\/v2\/posts"}],"about":[{"href":"https:\/\/www.radiopresidenteibanez.cl\/web\/wp-json\/wp\/v2\/types\/post"}],"author":[{"embeddable":true,"href":"https:\/\/www.radiopresidenteibanez.cl\/web\/wp-json\/wp\/v2\/users\/2"}],"replies":[{"embeddable":true,"href":"https:\/\/www.radiopresidenteibanez.cl\/web\/wp-json\/wp\/v2\/comments?post=14542"}],"version-history":[{"count":0,"href":"https:\/\/www.radiopresidenteibanez.cl\/web\/wp-json\/wp\/v2\/posts\/14542\/revisions"}],"wp:featuredmedia":[{"embeddable":true,"href":"https:\/\/www.radiopresidenteibanez.cl\/web\/wp-json\/wp\/v2\/media\/14543"}],"wp:attachment":[{"href":"https:\/\/www.radiopresidenteibanez.cl\/web\/wp-json\/wp\/v2\/media?parent=14542"}],"wp:term":[{"taxonomy":"category","embeddable":true,"href":"https:\/\/www.radiopresidenteibanez.cl\/web\/wp-json\/wp\/v2\/categories?post=14542"},{"taxonomy":"post_tag","embeddable":true,"href":"https:\/\/www.radiopresidenteibanez.cl\/web\/wp-json\/wp\/v2\/tags?post=14542"}],"curies":[{"name":"wp","href":"https:\/\/api.w.org\/{rel}","templated":true}]}}