{"id":14539,"date":"2020-09-03T16:35:19","date_gmt":"2020-09-03T16:35:19","guid":{"rendered":"https:\/\/www.radiopresidenteibanez.cl\/web\/?p=14539"},"modified":"2020-09-03T16:35:24","modified_gmt":"2020-09-03T16:35:24","slug":"ulso-sindical-diario-de-la-cgt-chile","status":"publish","type":"post","link":"https:\/\/www.radiopresidenteibanez.cl\/web\/ulso-sindical-diario-de-la-cgt-chile\/","title":{"rendered":"ULSO SINDICAL DIARIO DE LA CGT CHILE"},"content":{"rendered":"\n<p>1.- Setiembre es un mes de claros y oscuros desde el golpe\nmilitar de 1973. Hasta entonces era el mes en qu\u00e9 el sol asomaba con menos\ntimidez y las lluvias retroced\u00edan lentamente librando a las poblaciones del\nfr\u00edo y del barro. Se aproximaban las vacaciones de fiestas patrias en los\ncolegios y, en las distintas empresas, los obreros se afanaban con los\npreparativos para recibir&nbsp; a sus familias\nen el lugar de trabajo.<\/p>\n\n\n\n<p>C\u00f3mo hijo de ferroviario lo viv\u00ed en la Maestranza Central en\nSan Bernardo, y aunque son ya m\u00e1s de 50 a\u00f1os desde que llegaba al taller donde\ntrabajaba mi papa, los recuerdos est\u00e1n tan frescos como si fuera ayer.<\/p>\n\n\n\n<p>Tanto cari\u00f1o y afecto entre esos miles de obreros. El\nlonganiza, tatarita mella, el perro, huaso Arros, pilla la bala, gallina ciega,\npescado seco, el angustia, chato Mel\u00e9ndez, conejo Gonz\u00e1lez, el barata y tantos\notros apodos que se antepusieron siempre a los nombres de pila y por los que se\nconoc\u00edan todos en la Maestranza.<\/p>\n\n\n\n<p>2.- Hace exactos 47 a\u00f1os nos anotabamos en la lista para las\nmicros que ir\u00edan a Santiago el 4 de Setiembre. No nos hab\u00eda costado nada\nconstruir en la pobla un gran CUP (Comit\u00e9 de Unidad Popular). M\u00e1s de 50 cabros\nentre 12 y 15 a\u00f1os hac\u00edamos trabajo voluntario, pint\u00e1bamos muros y recorr\u00edamos\nla ciudad ubicando escondites de microbuses y acaparamiento de\nmercader\u00edas.&nbsp; <\/p>\n\n\n\n<p>Nosotros, como gente de pueblo vivimos buenos a\u00f1os con el\ngobierno de Allende. Lo pod\u00edamos notar en el consultorio, la locomocion\ncolectiva, en la feria y en el \u00e1nimo de nuestros padres. Ven\u00edamos de tomas de\nterreno, nos habian tratado como la mierda y en esos 3 a\u00f1os sentimos que \u00e9ramos\nparte de algo, por eso el cuidado y la defensa de lo que se iba ganando.<\/p>\n\n\n\n<p>Fue por est\u00e1s y otras razones que se reprimi\u00f3 tan cruelmente\ny se tortur\u00f3 y asesin\u00f3 con tanta ferocidad. Los parias hab\u00edan sido gobierno,\nhab\u00eda que quitarles, y para siempre, las ganas y el anhelo de volver a\nintentarlo.<\/p>\n\n\n\n<p>3.- La ley reconoce a los trabajadores el derecho al pago de\ngratificaci\u00f3n, (art\u00edculo 46 al 52 del c\u00f3digo del trabajo).<\/p>\n\n\n\n<p>\u00bfPero que es la gratificaci\u00f3n? Es el derecho de los\ntrabajadores a recibir de parte de su patr\u00f3n una cantidad de dinero por las\nutilidades que la empresa gener\u00f3 durante un a\u00f1o. <\/p>\n\n\n\n<p>Existen 2 mecanismos para el pago de este beneficio. El\nprimero establece que el patr\u00f3n repartir\u00e1 entre sus trabajadores al menos el\n30%&nbsp; de esas utilidades, claro que en\nesta f\u00f3rmula reciben m\u00e1s gratificaci\u00f3n los que tienen mejores remuneraciones.<\/p>\n\n\n\n<p>El segundo mecanismo consiste en la facultad que se da al\nempleador de pagar el 25% de la renumeraci\u00f3n mensual, monto que en el a\u00f1o no\ndebe exceder de 4,75 ingresos m\u00ednimos mensuales. En este caso nuevamente\nreciben m\u00e1s quienes ganan mejores sueldos.<\/p>\n\n\n\n<p>Por lo tanto, en esto de la gratificaci\u00f3n, nuestra propuesta\ntiene 2 componentes claros.<\/p>\n\n\n\n<p>El primero invita a asegurar la gratificaci\u00f3n por la v\u00eda del\npago mensual, con la salvedad de que el tope anual &#8211; los&nbsp; 4,75 IML &#8211; se divida por 12, as\u00ed todos los\ntrabajadores recibir\u00edan el mismo pago mensual por gratificaci\u00f3n.<\/p>\n\n\n\n<p>&#8211; Hoy d\u00eda hay que asegurar este tipo de pago, pues con esto\nde la pandemia tendremos varios a\u00f1os de p\u00e9rdidas contables en las empresas y no\nse pagar\u00e1n gratificaciones &#8211;<\/p>\n\n\n\n<p>El segundo componente es a\u00fan m\u00e1s importante, pues apunta a\ninstalar en los contratos colectivos una gratificaci\u00f3n garantizada, pagada en\ndoceavos pero por a lo menos 6.0 IML. <\/p>\n\n\n\n<p>Tengase siempre claro lo siguiente: Trabajadores concientes\ny organizados pueden mejorar sus condiciones contractuales, primer paso para la\nconstrucci\u00f3n de la nueva sociedad a la que aspiramos.<\/p>\n\n\n\n<p>Un sue\u00f1o que se comenz\u00f3 a construir pero qued\u00f3 trunco y no\ndebe morir.<\/p>\n","protected":false},"excerpt":{"rendered":"<p>1.- Setiembre es un mes de claros y oscuros desde el golpe militar de 1973. Hasta entonces era el mes en qu\u00e9 el sol asomaba con menos timidez y las&#8230; <a class=\"read-more\" href=\"https:\/\/www.radiopresidenteibanez.cl\/web\/ulso-sindical-diario-de-la-cgt-chile\/\">Leer m\u00e1s<\/a><\/p>\n","protected":false},"author":2,"featured_media":14540,"comment_status":"closed","ping_status":"closed","sticky":false,"template":"","format":"standard","meta":{"footnotes":""},"categories":[1],"tags":[],"class_list":["post-14539","post","type-post","status-publish","format-standard","has-post-thumbnail","hentry","category-cronica"],"_links":{"self":[{"href":"https:\/\/www.radiopresidenteibanez.cl\/web\/wp-json\/wp\/v2\/posts\/14539","targetHints":{"allow":["GET"]}}],"collection":[{"href":"https:\/\/www.radiopresidenteibanez.cl\/web\/wp-json\/wp\/v2\/posts"}],"about":[{"href":"https:\/\/www.radiopresidenteibanez.cl\/web\/wp-json\/wp\/v2\/types\/post"}],"author":[{"embeddable":true,"href":"https:\/\/www.radiopresidenteibanez.cl\/web\/wp-json\/wp\/v2\/users\/2"}],"replies":[{"embeddable":true,"href":"https:\/\/www.radiopresidenteibanez.cl\/web\/wp-json\/wp\/v2\/comments?post=14539"}],"version-history":[{"count":0,"href":"https:\/\/www.radiopresidenteibanez.cl\/web\/wp-json\/wp\/v2\/posts\/14539\/revisions"}],"wp:featuredmedia":[{"embeddable":true,"href":"https:\/\/www.radiopresidenteibanez.cl\/web\/wp-json\/wp\/v2\/media\/14540"}],"wp:attachment":[{"href":"https:\/\/www.radiopresidenteibanez.cl\/web\/wp-json\/wp\/v2\/media?parent=14539"}],"wp:term":[{"taxonomy":"category","embeddable":true,"href":"https:\/\/www.radiopresidenteibanez.cl\/web\/wp-json\/wp\/v2\/categories?post=14539"},{"taxonomy":"post_tag","embeddable":true,"href":"https:\/\/www.radiopresidenteibanez.cl\/web\/wp-json\/wp\/v2\/tags?post=14539"}],"curies":[{"name":"wp","href":"https:\/\/api.w.org\/{rel}","templated":true}]}}