{"id":14536,"date":"2020-09-03T16:29:49","date_gmt":"2020-09-03T16:29:49","guid":{"rendered":"https:\/\/www.radiopresidenteibanez.cl\/web\/?p=14536"},"modified":"2020-09-03T16:29:55","modified_gmt":"2020-09-03T16:29:55","slug":"alcalde-de-natales-solicita-al-ministro-de-salud-ajustar-el-plan-de-reapertura-de-restaurantes-a-la-realidad-magallanica","status":"publish","type":"post","link":"https:\/\/www.radiopresidenteibanez.cl\/web\/alcalde-de-natales-solicita-al-ministro-de-salud-ajustar-el-plan-de-reapertura-de-restaurantes-a-la-realidad-magallanica\/","title":{"rendered":"ALCALDE DE NATALES SOLICITA AL MINISTRO DE SALUD AJUSTAR EL PLAN DE REAPERTURA DE RESTAURANTES A LA REALIDAD MAGALL\u00c1NICA"},"content":{"rendered":"\n<p>En el marco de\nla reciente autorizaci\u00f3n del Ministerio de Salud para reabrir los restaurantes\nen fase tres, el alcalde de la comuna solicit\u00f3 al Ministro de Salud una excepci\u00f3n\nal protocolo sanitario de apertura, dado que el documento original contempla la\natenci\u00f3n de p\u00fablico en terrazas y calles.<\/p>\n\n\n\n<p>El oficio solicita\npermitir atender al interior de los restaurantes en la provincia de \u00daltima\nEsperanza, respetando los protocolos y aplicando todos los resguardos\nnecesarios.<\/p>\n\n\n\n<p>Respecto a la petici\u00f3n,\nFernando Paredes se\u00f1al\u00f3 que producto de la situaci\u00f3n clim\u00e1tica de Natales es\ndif\u00edcil que los restaurantes atiendan en el exterior, \u201cclaramente eso no aplica\na la regi\u00f3n de Magallanes o en una zona extrema como la nuestra.\nParticularmente en la ciudad de Puerto Natales y Torres del Paine, comunas que\nconforman la provincia de \u00daltima Esperanza hemos dado pasos en la l\u00ednea de poder\ndarle una garant\u00eda a nuestra poblaci\u00f3n local\u201d.<\/p>\n\n\n\n<p>Asimismo, el\nedil de Natales destac\u00f3 la preparaci\u00f3n que ha realizado durante todos estos\nmeses el rubro gastron\u00f3mico, \u201ces un rubro que se ha perfeccionado, se han\ncapacitado, han preparado sus restaurantes y claramente no pueden atender en\nlas terrazas ni en la calle. Entonces hemos solicitado como municipalidad al\npropio Ministro de Salud una excepci\u00f3n o que atienda tambi\u00e9n esta realidad\ncomunal y provincial\u201d.<\/p>\n\n\n\n<p>La solicitud\nest\u00e1 respaldada por el buen comportamiento epidemiol\u00f3gico mantenido en la\nciudad desde que comenz\u00f3 la pandemia, &nbsp;y\ncontempla respetar el distanciamiento social entre cada mesa.<\/p>\n\n\n\n<p>Cabe recordar\nque el municipio solicit\u00f3 esta medida despu\u00e9s de diferentes reuniones\nrealizadas con las agrupaciones gastron\u00f3micas de Puerto Natales, quienes\ndurante los \u00faltimos meses han participado en capacitaciones sanitarias para proteger\na la comunidad y sus colaboradores.<\/p>\n","protected":false},"excerpt":{"rendered":"<p>En el marco de la reciente autorizaci\u00f3n del Ministerio de Salud para reabrir los restaurantes en fase tres, el alcalde de la comuna solicit\u00f3 al Ministro de Salud una excepci\u00f3n&#8230; <a class=\"read-more\" href=\"https:\/\/www.radiopresidenteibanez.cl\/web\/alcalde-de-natales-solicita-al-ministro-de-salud-ajustar-el-plan-de-reapertura-de-restaurantes-a-la-realidad-magallanica\/\">Leer m\u00e1s<\/a><\/p>\n","protected":false},"author":2,"featured_media":14537,"comment_status":"closed","ping_status":"closed","sticky":false,"template":"","format":"standard","meta":{"footnotes":""},"categories":[1],"tags":[],"class_list":["post-14536","post","type-post","status-publish","format-standard","has-post-thumbnail","hentry","category-cronica"],"_links":{"self":[{"href":"https:\/\/www.radiopresidenteibanez.cl\/web\/wp-json\/wp\/v2\/posts\/14536","targetHints":{"allow":["GET"]}}],"collection":[{"href":"https:\/\/www.radiopresidenteibanez.cl\/web\/wp-json\/wp\/v2\/posts"}],"about":[{"href":"https:\/\/www.radiopresidenteibanez.cl\/web\/wp-json\/wp\/v2\/types\/post"}],"author":[{"embeddable":true,"href":"https:\/\/www.radiopresidenteibanez.cl\/web\/wp-json\/wp\/v2\/users\/2"}],"replies":[{"embeddable":true,"href":"https:\/\/www.radiopresidenteibanez.cl\/web\/wp-json\/wp\/v2\/comments?post=14536"}],"version-history":[{"count":0,"href":"https:\/\/www.radiopresidenteibanez.cl\/web\/wp-json\/wp\/v2\/posts\/14536\/revisions"}],"wp:featuredmedia":[{"embeddable":true,"href":"https:\/\/www.radiopresidenteibanez.cl\/web\/wp-json\/wp\/v2\/media\/14537"}],"wp:attachment":[{"href":"https:\/\/www.radiopresidenteibanez.cl\/web\/wp-json\/wp\/v2\/media?parent=14536"}],"wp:term":[{"taxonomy":"category","embeddable":true,"href":"https:\/\/www.radiopresidenteibanez.cl\/web\/wp-json\/wp\/v2\/categories?post=14536"},{"taxonomy":"post_tag","embeddable":true,"href":"https:\/\/www.radiopresidenteibanez.cl\/web\/wp-json\/wp\/v2\/tags?post=14536"}],"curies":[{"name":"wp","href":"https:\/\/api.w.org\/{rel}","templated":true}]}}