{"id":14533,"date":"2020-09-03T16:24:26","date_gmt":"2020-09-03T16:24:26","guid":{"rendered":"https:\/\/www.radiopresidenteibanez.cl\/web\/?p=14533"},"modified":"2020-09-03T16:24:32","modified_gmt":"2020-09-03T16:24:32","slug":"ministerio-de-transportes-y-telecomunicaciones-anuncia-cobro-de-tarifa-local-por-llamadas-moviles-realizadas-en-argentina","status":"publish","type":"post","link":"https:\/\/www.radiopresidenteibanez.cl\/web\/ministerio-de-transportes-y-telecomunicaciones-anuncia-cobro-de-tarifa-local-por-llamadas-moviles-realizadas-en-argentina\/","title":{"rendered":"MINISTERIO DE TRANSPORTES Y TELECOMUNICACIONES ANUNCIA COBRO DE TARIFA LOCAL POR LLAMADAS M\u00d3VILES REALIZADAS EN ARGENTINA"},"content":{"rendered":"\n<p>Como una excelente noticia para la regi\u00f3n calific\u00f3 el\nseremi de Transportes y Telecomunicaciones Marco Mella B\u00f3rquez el t\u00e9rmino del\nroaming entre Chile y Argentina, ya que beneficia tanto a trabajadores, transportistas,\nviajeros como comunidad en general, ya que muchas personas tienen familia en\nciudades trasandinas.<\/p>\n\n\n\n<p>\u201cDesde ahora, todos\nlos usuarios que cuenten con una SIM card de alguno de estos pa\u00edses y que\nviajen de manera transitoria entre uno y otro, cuando efect\u00faen y\/o reciban llamadas,\nmensajes de texto y utilicen datos m\u00f3viles ser\u00e1 facturado a precio local\u201d,\nse\u00f1al\u00f3 el seremi de Transportes y Telecomunicaciones Marco Mella B\u00f3rquez, al\nexplicar la medida adoptada por esta cartera de Estado a trav\u00e9s de la\nSubsecretar\u00eda de Telecomunicaciones (Subtel) y el Ente Nacional de Comunicaciones\nde Argentina (Enacom).<\/p>\n\n\n\n<p>&nbsp;El 29 de agosto de 2020 entraron en vigencia\nlas disposiciones que ponen fin al cobro de roaming entre Chile y Argentina. Agreg\u00f3\nMella que la normativa t\u00e9cnica define un marco de tiempo para el uso de dicho\nbeneficio, el cual corresponde a 90 d\u00edas corridos o 120 d\u00edas discontinuos en el\nmismo a\u00f1o, seg\u00fan lo establecido en el acuerdo comercial. <\/p>\n\n\n\n<p>De igual manera, se estableci\u00f3\nque los operadores m\u00f3viles de red que brinden el servicio a los usuarios cuando\nest\u00e1n en el otro pa\u00eds, deber\u00e1n garantizar la misma calidad de servicio y\ncobertura que a sus usuarios nacionales, considerando todas las bandas de\nfrecuencias y tecnolog\u00edas de acceso que por s\u00ed mismo o a trav\u00e9s de sus\nfiliales, coligadas o relacionadas tengan disponibles seg\u00fan sus concesiones,\nas\u00ed como a los que tengan acceso a partir de los acuerdos de roaming nacional\nde que dispongan.<\/p>\n\n\n\n<p>\u201cGracias al trabajo\nrealizado por ambos gobiernos hoy podemos decir que Chile y Argentina eliminan\nuna barrera en materia de telecomunicaciones. De esta forma, estamos conectando\nmejor a los chilenos y argentinos, a trav\u00e9s de un paso in\u00e9dito de colaboraci\u00f3n\nentre ambos pa\u00edses\u201d, se\u00f1al\u00f3 la Ministra de Transportes y Telecomunicaciones,\nGloria Hutt, en el anuncio oficial de la medida quien a\u00f1adi\u00f3 que Chile est\u00e1\navanzando en la implementaci\u00f3n del mismo beneficio con Per\u00fa. <\/p>\n","protected":false},"excerpt":{"rendered":"<p>Como una excelente noticia para la regi\u00f3n calific\u00f3 el seremi de Transportes y Telecomunicaciones Marco Mella B\u00f3rquez el t\u00e9rmino del roaming entre Chile y Argentina, ya que beneficia tanto a&#8230; <a class=\"read-more\" href=\"https:\/\/www.radiopresidenteibanez.cl\/web\/ministerio-de-transportes-y-telecomunicaciones-anuncia-cobro-de-tarifa-local-por-llamadas-moviles-realizadas-en-argentina\/\">Leer m\u00e1s<\/a><\/p>\n","protected":false},"author":2,"featured_media":14534,"comment_status":"closed","ping_status":"closed","sticky":false,"template":"","format":"standard","meta":{"footnotes":""},"categories":[1],"tags":[],"class_list":["post-14533","post","type-post","status-publish","format-standard","has-post-thumbnail","hentry","category-cronica"],"_links":{"self":[{"href":"https:\/\/www.radiopresidenteibanez.cl\/web\/wp-json\/wp\/v2\/posts\/14533","targetHints":{"allow":["GET"]}}],"collection":[{"href":"https:\/\/www.radiopresidenteibanez.cl\/web\/wp-json\/wp\/v2\/posts"}],"about":[{"href":"https:\/\/www.radiopresidenteibanez.cl\/web\/wp-json\/wp\/v2\/types\/post"}],"author":[{"embeddable":true,"href":"https:\/\/www.radiopresidenteibanez.cl\/web\/wp-json\/wp\/v2\/users\/2"}],"replies":[{"embeddable":true,"href":"https:\/\/www.radiopresidenteibanez.cl\/web\/wp-json\/wp\/v2\/comments?post=14533"}],"version-history":[{"count":0,"href":"https:\/\/www.radiopresidenteibanez.cl\/web\/wp-json\/wp\/v2\/posts\/14533\/revisions"}],"wp:featuredmedia":[{"embeddable":true,"href":"https:\/\/www.radiopresidenteibanez.cl\/web\/wp-json\/wp\/v2\/media\/14534"}],"wp:attachment":[{"href":"https:\/\/www.radiopresidenteibanez.cl\/web\/wp-json\/wp\/v2\/media?parent=14533"}],"wp:term":[{"taxonomy":"category","embeddable":true,"href":"https:\/\/www.radiopresidenteibanez.cl\/web\/wp-json\/wp\/v2\/categories?post=14533"},{"taxonomy":"post_tag","embeddable":true,"href":"https:\/\/www.radiopresidenteibanez.cl\/web\/wp-json\/wp\/v2\/tags?post=14533"}],"curies":[{"name":"wp","href":"https:\/\/api.w.org\/{rel}","templated":true}]}}