{"id":14528,"date":"2020-09-02T20:19:49","date_gmt":"2020-09-02T20:19:49","guid":{"rendered":"https:\/\/www.radiopresidenteibanez.cl\/web\/?p=14528"},"modified":"2020-09-02T20:19:55","modified_gmt":"2020-09-02T20:19:55","slug":"aguinaldo-de-fiestas-patrias-beneficiara-a-mas-de-9-500-pensionados-este-2020","status":"publish","type":"post","link":"https:\/\/www.radiopresidenteibanez.cl\/web\/aguinaldo-de-fiestas-patrias-beneficiara-a-mas-de-9-500-pensionados-este-2020\/","title":{"rendered":"AGUINALDO DE FIESTAS PATRIAS BENEFICIAR\u00c1 A M\u00c1S DE 9.500 PENSIONADOS ESTE 2020"},"content":{"rendered":"\n<p>A partir de este 1 de\nseptiembre,&nbsp; 9.536 pensionados y\npensionadas de Magallanes comenzar\u00e1n a recibir el pago del tradicional\nAguinaldo de Fiestas Patrias. Para este 2020, el monto del beneficio es de\n$20.082 por pensionado y se incrementar\u00e1 en $10.303 por cada carga familiar\nacreditada al 31 de agosto del a\u00f1o en curso. <\/p>\n\n\n\n<p>\u00abEn conjunto con el\ndirector regional del Instituto de Previsi\u00f3n Social (IPS) Magallanes, estamos\ndando a conocer el inicio del pago del tradicional Aguinaldo de Fiestas Patrias\nque entrega el gobierno del Presidente Sebasti\u00e1n Pi\u00f1era y que en nuestra regi\u00f3n\nbeneficiar\u00e1 a m\u00e1s de 9.500 pensionados, quienes este a\u00f1o recibir\u00e1n un monto de\n$20.082, lo cual, en el caso de aquellos que tengan cargas familiares, el monto\nse incrementa en $10.303 por cada carga acreditada al 31 de agosto. El pago de\neste beneficio implicar\u00e1 una inversi\u00f3n regional cercana a los 195 millones de\npesos. Recordar que para acceder a este pago no es necesario hacer ning\u00fan\ntr\u00e1mite adicional, puesto que IPS ha generado las acciones para que este monto\nse incluya en el pago habitual de la pensi\u00f3n de este mes, por lo que esta es\nuna muy buena noticia\u00bb, afirm\u00f3 la seremi del Trabajo y Previsi\u00f3n Social,\nVictoria Cort\u00e9s Schiattino.<\/p>\n\n\n\n<p>A nivel regional, el\nEstado desembolsar\u00e1 m\u00e1s de 194 millones de pesos en esta iniciativa que va en\ndirecto beneficio de los pensionados.<\/p>\n\n\n\n<p>El Aguinaldo de Fiestas\nPatrias, es un beneficio esperado por los pensionados de nuestro pa\u00eds, quienes\nsaben que \u2013cumpliendo con los requisitos establecidos- tradicionalmente en\nseptiembre de cada a\u00f1o reciben esta ayuda econ\u00f3mica que les entrega el Estado.<\/p>\n\n\n\n<p>Al respecto, el director\nregional del Instituto de Previsi\u00f3n Social, Eduardo Barahona Kompatzki, realiz\u00f3\nun llamado a los beneficiarios a tener especial cuidado con los posibles\nintentos de fraude que han ocurrido en las \u00faltimas semanas. <\/p>\n\n\n\n<p>\u201cSiempre es importante\nrecordar que en caso de que esta modalidad de pago, donde a su pensi\u00f3n se va a\nsumar ahora el aguinaldo de fiestas patrias, si es que lo realizan en forma\npresencial, sean acompa\u00f1ados por alg\u00fan tercero o alguna tercera, y que bajo\nning\u00fan motivo, si reciben alguna llamada de algunas personas que indican que\nson trabajadores del Instituto de Previsi\u00f3n Social y que van a gestionarle el\npago de su pensi\u00f3n o el pago de su aguinaldo, hagan caso de la informaci\u00f3n que\nah\u00ed se les transmita\u201d, indic\u00f3 la autoridad. <\/p>\n\n\n\n<p><strong>Beneficiarios<\/strong><\/p>\n\n\n\n<p>El beneficio ser\u00e1\nentregado a pensionados y pensionadas del Instituto de Previsi\u00f3n Social, de las\nCajas de Previsi\u00f3n de DIPRECA y CAPREDENA, del Instituto de Seguridad Laboral,\nde las Mutualidades de Empleadores de la Ley N\u00b0 16.744 de Accidentes del\nTrabajo, que tengan alguna de estas calidades al 31 de agosto del a\u00f1o 2020.\nTambi\u00e9n tienen derecho los pensionados del Sistema de AFP (DL 3.500), que a esa\nfecha se encuentren percibiendo el beneficio de Aporte Previsional Solidario\n(APS) o pensiones m\u00ednimas con Garant\u00eda Estatal.<\/p>\n\n\n\n<p>En el caso del IPS, los\nbeneficiarios son los siguientes:<\/p>\n\n\n\n<p>\uf0fc&nbsp;&nbsp;&nbsp;&nbsp;&nbsp;&nbsp;&nbsp;&nbsp; Pensionados de las ex-Cajas de Previsi\u00f3n.<\/p>\n\n\n\n<p>\uf0fc&nbsp;&nbsp;&nbsp;&nbsp;&nbsp;&nbsp;&nbsp;&nbsp; Personas con Pensi\u00f3n B\u00e1sica Solidaria (PBS).<\/p>\n\n\n\n<p>\uf0fc&nbsp;&nbsp;&nbsp;&nbsp;&nbsp;&nbsp;&nbsp;&nbsp; Pensionados de la Ley N\u00b0 19.234 (Exonerados Pol\u00edticos). <\/p>\n\n\n\n<p>\uf0fc&nbsp;&nbsp;&nbsp;&nbsp;&nbsp;&nbsp;&nbsp;&nbsp; Pensionados de la Ley de Reparaci\u00f3n N\u00b0 19.123 (Ley Rettig).<\/p>\n\n\n\n<p>\uf0fc&nbsp;&nbsp;&nbsp;&nbsp;&nbsp;&nbsp;&nbsp;&nbsp; Pensionados de la Ley de Reparaci\u00f3n N\u00b0 19.992 (Ley Valech).<\/p>\n\n\n\n<p>\uf0fc&nbsp;&nbsp;&nbsp;&nbsp;&nbsp;&nbsp;&nbsp;&nbsp; Pensionados de Accidentes del Trabajo, Ley N\u00b0 16.744, del\nInstituto de Seguridad Laboral (ISL).<\/p>\n\n\n\n<p>\uf0fc&nbsp;&nbsp;&nbsp;&nbsp;&nbsp;&nbsp;&nbsp;&nbsp; Personas que reciben Subsidio por Discapacidad Mental, Art.\n35 de la Ley N\u00b0 20.255.<\/p>\n\n\n\n<p>\uf0fc&nbsp;&nbsp;&nbsp;&nbsp;&nbsp;&nbsp;&nbsp;&nbsp; Beneficiarios de Indemnizaciones del Carb\u00f3n, Ley N\u00b0 19.129.<\/p>\n\n\n\n<p>Es preciso recordar que,\ncada persona tiene derecho a un solo Aguinaldo aunque sea beneficiario de dos o\nm\u00e1s pensiones, o beneficios, sean \u00e9stos pagados por el IPS o por otras\ninstituciones de seguridad social.<\/p>\n\n\n\n<p>Es importante se\u00f1alar que,\nlos pensionados de AFP y compa\u00f1\u00edas de seguro (DL 3.500) que al 31 de agosto del\na\u00f1o 2020 reciban el beneficio de Aporte Previsional Solidario (m\u00e1s conocido\ncomo APS y que consiste en un monto mensual que entrega el Estado para complementar\nlas pensiones m\u00e1s bajas) y tambi\u00e9n quienes tengan pensiones m\u00ednimas con\nGarant\u00eda Estatal, tienen derecho al aguinaldo. El pago a este grupo lo efect\u00faa\nla entidad previsional a cargo de cancelar la pensi\u00f3n mensual.<\/p>\n\n\n\n<p><strong>M\u00e1s informaci\u00f3n y consultas:<\/strong><\/p>\n\n\n\n<p>Las personas pueden\nconsultar en los canales de atenci\u00f3n de la red ChileAtiende del Instituto de\nPrevisi\u00f3n Social: redes sociales en Facebook, Twitter e Instagram,\nwww.ips.gob.cl, www.chileatiende.cl, el Call Center 101 o el 600 440 0040. A\nnivel regional se habilit\u00f3 la central telef\u00f3nica 22 96 52 500.<\/p>\n\n\n\n<p>Cabe recordar que este\naguinaldo se paga junto con la pensi\u00f3n, y no es necesario un tr\u00e1mite adicional.<\/p>\n","protected":false},"excerpt":{"rendered":"<p>A partir de este 1 de septiembre,&nbsp; 9.536 pensionados y pensionadas de Magallanes comenzar\u00e1n a recibir el pago del tradicional Aguinaldo de Fiestas Patrias. Para este 2020, el monto del&#8230; <a class=\"read-more\" href=\"https:\/\/www.radiopresidenteibanez.cl\/web\/aguinaldo-de-fiestas-patrias-beneficiara-a-mas-de-9-500-pensionados-este-2020\/\">Leer m\u00e1s<\/a><\/p>\n","protected":false},"author":2,"featured_media":14529,"comment_status":"closed","ping_status":"closed","sticky":false,"template":"","format":"standard","meta":{"footnotes":""},"categories":[1],"tags":[],"class_list":["post-14528","post","type-post","status-publish","format-standard","has-post-thumbnail","hentry","category-cronica"],"_links":{"self":[{"href":"https:\/\/www.radiopresidenteibanez.cl\/web\/wp-json\/wp\/v2\/posts\/14528","targetHints":{"allow":["GET"]}}],"collection":[{"href":"https:\/\/www.radiopresidenteibanez.cl\/web\/wp-json\/wp\/v2\/posts"}],"about":[{"href":"https:\/\/www.radiopresidenteibanez.cl\/web\/wp-json\/wp\/v2\/types\/post"}],"author":[{"embeddable":true,"href":"https:\/\/www.radiopresidenteibanez.cl\/web\/wp-json\/wp\/v2\/users\/2"}],"replies":[{"embeddable":true,"href":"https:\/\/www.radiopresidenteibanez.cl\/web\/wp-json\/wp\/v2\/comments?post=14528"}],"version-history":[{"count":0,"href":"https:\/\/www.radiopresidenteibanez.cl\/web\/wp-json\/wp\/v2\/posts\/14528\/revisions"}],"wp:featuredmedia":[{"embeddable":true,"href":"https:\/\/www.radiopresidenteibanez.cl\/web\/wp-json\/wp\/v2\/media\/14529"}],"wp:attachment":[{"href":"https:\/\/www.radiopresidenteibanez.cl\/web\/wp-json\/wp\/v2\/media?parent=14528"}],"wp:term":[{"taxonomy":"category","embeddable":true,"href":"https:\/\/www.radiopresidenteibanez.cl\/web\/wp-json\/wp\/v2\/categories?post=14528"},{"taxonomy":"post_tag","embeddable":true,"href":"https:\/\/www.radiopresidenteibanez.cl\/web\/wp-json\/wp\/v2\/tags?post=14528"}],"curies":[{"name":"wp","href":"https:\/\/api.w.org\/{rel}","templated":true}]}}