{"id":14525,"date":"2020-09-02T20:17:13","date_gmt":"2020-09-02T20:17:13","guid":{"rendered":"https:\/\/www.radiopresidenteibanez.cl\/web\/?p=14525"},"modified":"2020-09-02T20:17:21","modified_gmt":"2020-09-02T20:17:21","slug":"sismos-en-antartica-seguidilla-de-movimientos-se-perciben-desde-el-fin-de-semana-pasado","status":"publish","type":"post","link":"https:\/\/www.radiopresidenteibanez.cl\/web\/sismos-en-antartica-seguidilla-de-movimientos-se-perciben-desde-el-fin-de-semana-pasado\/","title":{"rendered":"SISMOS EN ANT\u00c1RTICA: SEGUIDILLA DE MOVIMIENTOS SE PERCIBEN DESDE EL FIN DE SEMANA PASADO"},"content":{"rendered":"\n<p>A tan solo 63 kil\u00f3metros al este de la base\nArturo Prat en el Territorio Chileno Ant\u00e1rtico se registr\u00f3 un nuevo sismo de\nmagnitud 5.2 en la escala de Richter (5.4 seg\u00fan el bolet\u00edn de sismicidad <a href=\"http:\/\/www.iris.washington.edu\/latin_am\/evlist.phtml?region=mundo\">IRIS<\/a> de\nWashington) a las 06.56 horas de este martes 1 de septiembre. A pocos minutos\nde ocurrido el evento, el <a href=\"https:\/\/www.snamchile.cl\/?__cf_chl_jschl_tk__=6c463103bf4dfe35464d3e885a4f770a430caf42-1598976213-0-AaTTFKp6qWwJIJks2wktr0NXUyUibUJACs800ew7kElLBuHcTgGs3KxsMuRi5i0i1sZNeMfDsK5N8OGiuJ_t_nFyHSW41IyBNultLjXMcx8hjtLFiFxHyvOHdSR5bAhnRJXSj6KD1APTCx3LZkLkUlndQDydN7n-_Pe_TIzx6MlgsjzwS5E_xi1Bxe83azBpvmmK-CvTAeUdfB6ENCuHGKGgDis0K4MuYEIHcHpjXVRXOnmqJ0CA9tP5gxEPUmi39GU43PiXqRAPktvsPVch4mQ\">Servicio\nHidrogr\u00e1fico y Oceanogr\u00e1fico de la Armada (SHOA)<\/a> descart\u00f3\nque existiera riesgo de tsunami para las costas de las islas Shetland del Sur. <\/p>\n\n\n\n<p>Este nuevo movimiento tel\u00farico se suma a los\nregistrados durante el fin de semana reci\u00e9n pasado en las proximidades de la\nisla Rey Jorge, uno de los cuales alcanz\u00f3 los 5,1 grados y su epicentro fue\ncerca del estrecho de Bransfield, a escasa profundidad, a unos 30 km de la base\nProfesor Julio Escudero.<\/p>\n\n\n\n<p>Pese a que estos eventos no son ajenos a la\nAnt\u00e1rtica, el gobernador mar\u00edtimo de Bah\u00eda Fildes, Comandante Alejandro\nValenzuela, confirma que desde el viernes pasado han sentido movimientos\ncontinuos y que en su mayor\u00eda se producen temprano por la ma\u00f1ana, lo que no\ndeja de llamar la atenci\u00f3n de quienes trabajan en el continente austral. \u201cPara\nnosotros no es extra\u00f1o que existan temblores, lo que s\u00ed nos llama la atenci\u00f3n\nes que los sismos sean recurrentes, a diario y que ocurran m\u00e1s o menos en los\nmismos horarios; pr\u00e1cticamente estamos levant\u00e1ndonos con los sismos m\u00e1s fuertes\nque han sido de 5.2 o 5.3, en estos \u00faltimos cuatro d\u00edas\u201d, relata. <\/p>\n\n\n\n<p>Comenta\nque primero se escucha un ruido que dura de 20 a 30 segundos y que es\nacompa\u00f1ado por un movimiento de corta duraci\u00f3n, pero claramente perceptible\npara ellos. \u201cEs m\u00e1s ruido que otra cosa y termina con un movimiento final\nr\u00e1pido, corto y un poco m\u00e1s fuerte\u201d. Por \u00faltimo, afirma que no han registrado\nda\u00f1os materiales ni ca\u00eddas a causa de estos sismos y que se han mantenido en\ncontacto permanente con pares de otras bases. <\/p>\n\n\n\n<p><strong>En Ant\u00e1rtica es normal que tiemble, pero\u2026 <\/strong><\/p>\n\n\n\n<p>\u201cNo es extra\u00f1o que haya ocurrido este evento, ya\nque en los \u00faltimos cinco a\u00f1os, en esa regi\u00f3n, han ocurrido, a lo menos, ocho\neventos con magnitud 4 o 5. No es an\u00f3malo, lo que pasa es que existe una zona\nde subducci\u00f3n como la que tenemos en la zona central de Chile. Lo interesante\ns\u00ed, es que es una subducci\u00f3n muy lenta y la incidencia de que ocurran es rara.\nSi la subducci\u00f3n fuera r\u00e1pida, habr\u00eda temblores cotidianos como los que tenemos\nen el resto de Chile\u201d, destaca el Dr. Jaime Campos, especialista en Sismolog\u00eda\ny director del Programa de Riesgo S\u00edsmico de la Universidad de Chile. <\/p>\n\n\n\n<p>Cabe aclarar que una zona de subducci\u00f3n es\naquella donde ocurre un choque entre las diferentes placas tect\u00f3nicas. \u201cEste terremoto,\nse entiende como parte de una subducci\u00f3n que fue reportada hace pocos a\u00f1os por\nla comunidad cient\u00edfica a partir de estudios locales e instrumentos que se\ninstalaron en la regi\u00f3n y que despu\u00e9s se llevaron\u201d, expres\u00f3. <\/p>\n\n\n\n<p>Por otra parte, para el destacado ge\u00f3logo\nant\u00e1rtico, medalla SCAR y acad\u00e9mico de la Universidad de Chile, Dr. Francisco\nHerv\u00e9, a partir de este acontecimiento se podr\u00eda deducir que \u201clos sismos\nestar\u00edan relacionados al proceso de generaci\u00f3n del estrecho de Bransfield, que\nes un rasgo tect\u00f3nico activo de la regi\u00f3n, como lo muestra adem\u00e1s el hecho de\nexistir en \u00e9l volcanes activos (isla Decepci\u00f3n) y volcanes j\u00f3venes (isla\nPing\u00fcino), este \u00faltimo bastante cercano a la isla Rey Jorge donde est\u00e1 la\nestaci\u00f3n argentina y la base Frei tambi\u00e9n\u201d. <\/p>\n\n\n\n<p>De ser este el caso, no se tratar\u00eda de sismos de\nsubducci\u00f3n interplacas como los mayores y m\u00e1s frecuentes en el territorio\nchileno, \u201csino que de sismos intraplaca Ant\u00e1rtica, asociados a la extensi\u00f3n\ntect\u00f3nica del estrecho Bransfield. La subducci\u00f3n en el margen occidental de la\npen\u00ednsula Ant\u00e1rtica se supone inactiva desde hace alg\u00fan tiempo geol\u00f3gico\u201d,\nprecis\u00f3. <\/p>\n\n\n\n<p><strong>La importancia de contar con equipos e investigadores en terreno <\/strong><\/p>\n\n\n\n<p>Todos los eventos s\u00edsmicos que alcanzan o\nsuperan los 5 grados en la escala de Richter son detectados por la Red Mundial\nque est\u00e1 instalada lejos de Ant\u00e1rtica y que forman parte de un sistema de\nmonitoreo que se encuentra en Estados Unidos. <\/p>\n\n\n\n<p>\u201cPor lo tanto, pueden haber instrumentos locales\nen Ant\u00e1rtica que detectan eventos s\u00edsmicos. Tambi\u00e9n est\u00e1 la percepci\u00f3n de las\npersonas que all\u00ed se encuentren, que no necesariamente son reportados a nivel\ninternacional. Entonces tiene que ser sobre 5. En otras palabras,\nefectivamente, pudieron haber ocurrido eventos durante los d\u00edas previos, de\nmenor magnitud pero como son cercanos a las bases ant\u00e1rticas, se sintieron\u201d,\nse\u00f1ala el Dr. Campos. Es por esta raz\u00f3n que solo se registra el evento de la\nma\u00f1ana de este martes y no los anteriores del fin de semana. <\/p>\n\n\n\n<p>Este fen\u00f3meno revela una imperiosa necesidad de\ndesarrollar nuevos estudios en el continente que permitan a futuro poder contar\ncon instrumentos y un monitoreo permanente de la actividad s\u00edsmica en las bases\nchilenas. \u201cEn la Universidad de Chile, en el Programa de Riesgo S\u00edsmico estamos\nmuy interesados en colocar instrumentos s\u00edsmicos y de GPS en las bases\nchilenas, por lo que este acontecimiento lo hace mucho m\u00e1s interesante y\npertinente, no podemos permitir que tengamos esta zona descuidada\u201d, afirm\u00f3 el\nDr. Campos, con gran inter\u00e9s de participar en nuevos proyectos que permitan\ncontar con esta informaci\u00f3n muy relevante.<\/p>\n\n\n\n<p>No solo se quedar\u00edan en monitorear la actividad\ns\u00edsmica, sino que tambi\u00e9n volc\u00e1nica, entendiendo que en esa zona hay volcanes\nactivos como el de isla Decepci\u00f3n e isla Ping\u00fcino. \u201cQu\u00e9 relaci\u00f3n puede tener la\nsismicidad, los tipos de terremoto que est\u00e1n ocurriendo all\u00ed, con la\nsubducci\u00f3n, la tect\u00f3nica, la geolog\u00eda y el comportamiento de los volcanes.\nNosotros sospechamos que deber\u00eda haber una relaci\u00f3n entre la actividad s\u00edsmica,\nproceso de subducci\u00f3n y el proceso magm\u00e1tico, erupciones volc\u00e1nicas\u201d,\nmanifiesta el especialista de la Universidad de Chile. <\/p>\n\n\n\n<p>El director del INACH, Dr. Marcelo Leppe Cartes,\nse\u00f1ala al respecto \u201cque a pesar de que los movimientos tel\u00faricos representan\nuna constante natural en el Bransfield, no debemos olvidar los eventos de los\na\u00f1os sesenta en isla Decepci\u00f3n, que nos obligan a promover el uso de los m\u00e1s\navanzados m\u00e9todos e instrumentos para realizar una vigilancia constante sumado\na ciencia de la m\u00e1s alta calidad. Por ello, nos encontramos evaluando las\nalianzas que nos permitan densificar los sensores en Ant\u00e1rtica\u201d.<\/p>\n","protected":false},"excerpt":{"rendered":"<p>A tan solo 63 kil\u00f3metros al este de la base Arturo Prat en el Territorio Chileno Ant\u00e1rtico se registr\u00f3 un nuevo sismo de magnitud 5.2 en la escala de Richter&#8230; <a class=\"read-more\" href=\"https:\/\/www.radiopresidenteibanez.cl\/web\/sismos-en-antartica-seguidilla-de-movimientos-se-perciben-desde-el-fin-de-semana-pasado\/\">Leer m\u00e1s<\/a><\/p>\n","protected":false},"author":2,"featured_media":14526,"comment_status":"closed","ping_status":"closed","sticky":false,"template":"","format":"standard","meta":{"footnotes":""},"categories":[1],"tags":[],"class_list":["post-14525","post","type-post","status-publish","format-standard","has-post-thumbnail","hentry","category-cronica"],"_links":{"self":[{"href":"https:\/\/www.radiopresidenteibanez.cl\/web\/wp-json\/wp\/v2\/posts\/14525","targetHints":{"allow":["GET"]}}],"collection":[{"href":"https:\/\/www.radiopresidenteibanez.cl\/web\/wp-json\/wp\/v2\/posts"}],"about":[{"href":"https:\/\/www.radiopresidenteibanez.cl\/web\/wp-json\/wp\/v2\/types\/post"}],"author":[{"embeddable":true,"href":"https:\/\/www.radiopresidenteibanez.cl\/web\/wp-json\/wp\/v2\/users\/2"}],"replies":[{"embeddable":true,"href":"https:\/\/www.radiopresidenteibanez.cl\/web\/wp-json\/wp\/v2\/comments?post=14525"}],"version-history":[{"count":0,"href":"https:\/\/www.radiopresidenteibanez.cl\/web\/wp-json\/wp\/v2\/posts\/14525\/revisions"}],"wp:featuredmedia":[{"embeddable":true,"href":"https:\/\/www.radiopresidenteibanez.cl\/web\/wp-json\/wp\/v2\/media\/14526"}],"wp:attachment":[{"href":"https:\/\/www.radiopresidenteibanez.cl\/web\/wp-json\/wp\/v2\/media?parent=14525"}],"wp:term":[{"taxonomy":"category","embeddable":true,"href":"https:\/\/www.radiopresidenteibanez.cl\/web\/wp-json\/wp\/v2\/categories?post=14525"},{"taxonomy":"post_tag","embeddable":true,"href":"https:\/\/www.radiopresidenteibanez.cl\/web\/wp-json\/wp\/v2\/tags?post=14525"}],"curies":[{"name":"wp","href":"https:\/\/api.w.org\/{rel}","templated":true}]}}