{"id":14521,"date":"2020-09-01T23:42:50","date_gmt":"2020-09-01T23:42:50","guid":{"rendered":"https:\/\/www.radiopresidenteibanez.cl\/web\/?p=14521"},"modified":"2020-09-01T23:42:56","modified_gmt":"2020-09-01T23:42:56","slug":"ministro-y-subsecretarios-realizaron-variadas-actividades-en-punta-arenas","status":"publish","type":"post","link":"https:\/\/www.radiopresidenteibanez.cl\/web\/ministro-y-subsecretarios-realizaron-variadas-actividades-en-punta-arenas\/","title":{"rendered":"MINISTRO Y SUBSECRETARIOS REALIZARON VARIADAS ACTIVIDADES EN PUNTA ARENAS"},"content":{"rendered":"\n<p>En horas de la noche de ayer, 31 de agosto, lleg\u00f3 hasta la base Chabunco\ndel Aeropuerto Carlos Ib\u00e1\u00f1ez del Campo de la capital regional de Magallanes y\nAnt\u00e1rtica Chilena, el ministro de Salud, Enrique Paris, junto a los\nsubsecretarios de Redes Asistenciales Arturo Z\u00fa\u00f1iga y de Salud Paula Daza, con\nla finalidad de presenciar en terreno la situaci\u00f3n que vive Punta arenas principalmente\nante la alta tasa de contagios por Covid-19.<\/p>\n\n\n\n<p>En la ocasi\u00f3n a primera hora de este martes 1 de septiembre las\nautoridades nacionales sostuvieron una reuni\u00f3n con el intendente de Magallanes\nJos\u00e9 Fern\u00e1ndez, as\u00ed tambi\u00e9n, con el seremi subrogante de salud, Eduardo\nCastillo.<\/p>\n\n\n\n<p>Lo anterior, para ver c\u00f3mo se est\u00e1 trabajando en Magallanes y\nprincipalmente al interior del hospital Cl\u00ednico de Magallanes con la situaci\u00f3n\ndel Covid-19.&nbsp;<\/p>\n\n\n\n<p>Posteriormente, en un punto de prense se anunci\u00f3 la llegada de 3 nuevos\nm\u00f3viles para testeo PCR, los cuales se encontrar\u00e1n funcionando uno en Punta\nArenas, Puerto Natales y Porvenir.<\/p>\n\n\n\n<p>A esto se sumar\u00e1 70 nuevos trazadores, un nuevo centro de trazabilidad\nque fue visitado por las autoridades durante la jornada y estar\u00e1 ubicado al\ninterior de la seremia de salud en Magallanes, a su vez, 35 nuevos fiscalizadores\ny 12 profesionales m\u00e9dicos para apoyo en el Hospital Cl\u00ednico de Magallanes<\/p>\n\n\n\n<p>En la oportunidad la autoridad sanitaria tambi\u00e9n se refiri\u00f3 a \u00e9l o la\nreemplazante de la otrora seremi de Salud Mariela Rojas, confirmando que por\nahora se mantendr\u00e1 en la subrogancia Eduardo Castillo.<\/p>\n\n\n\n<p>Otra de las actividades que realiz\u00f3 el ministro junto a los\nsubsecretarios fue un operativo m\u00f3vil de ex\u00e1menes PCR en el marco de la\nestrategia de b\u00fasqueda activa de casos Covid-19 en la zona.<\/p>\n\n\n\n<p>Finalmente cabe mencionar que Magallanes registr\u00f3 113 nuevos casos en las \u00faltimas 24 horas y llega a un total de 997 personas activas y suma nuevos fallecidos totalizando 40 decesos.<\/p>\n\n\n\n<p><\/p>\n\n\n\n<p><\/p>\n\n\n\n<p>CHH \/ ES. &#8211; fotos Intendencia Regional Magallanes.<\/p>\n","protected":false},"excerpt":{"rendered":"<p>En horas de la noche de ayer, 31 de agosto, lleg\u00f3 hasta la base Chabunco del Aeropuerto Carlos Ib\u00e1\u00f1ez del Campo de la capital regional de Magallanes y Ant\u00e1rtica Chilena,&#8230; <a class=\"read-more\" href=\"https:\/\/www.radiopresidenteibanez.cl\/web\/ministro-y-subsecretarios-realizaron-variadas-actividades-en-punta-arenas\/\">Leer m\u00e1s<\/a><\/p>\n","protected":false},"author":2,"featured_media":14522,"comment_status":"closed","ping_status":"closed","sticky":false,"template":"","format":"standard","meta":{"footnotes":""},"categories":[1],"tags":[],"class_list":["post-14521","post","type-post","status-publish","format-standard","has-post-thumbnail","hentry","category-cronica"],"_links":{"self":[{"href":"https:\/\/www.radiopresidenteibanez.cl\/web\/wp-json\/wp\/v2\/posts\/14521","targetHints":{"allow":["GET"]}}],"collection":[{"href":"https:\/\/www.radiopresidenteibanez.cl\/web\/wp-json\/wp\/v2\/posts"}],"about":[{"href":"https:\/\/www.radiopresidenteibanez.cl\/web\/wp-json\/wp\/v2\/types\/post"}],"author":[{"embeddable":true,"href":"https:\/\/www.radiopresidenteibanez.cl\/web\/wp-json\/wp\/v2\/users\/2"}],"replies":[{"embeddable":true,"href":"https:\/\/www.radiopresidenteibanez.cl\/web\/wp-json\/wp\/v2\/comments?post=14521"}],"version-history":[{"count":0,"href":"https:\/\/www.radiopresidenteibanez.cl\/web\/wp-json\/wp\/v2\/posts\/14521\/revisions"}],"wp:featuredmedia":[{"embeddable":true,"href":"https:\/\/www.radiopresidenteibanez.cl\/web\/wp-json\/wp\/v2\/media\/14522"}],"wp:attachment":[{"href":"https:\/\/www.radiopresidenteibanez.cl\/web\/wp-json\/wp\/v2\/media?parent=14521"}],"wp:term":[{"taxonomy":"category","embeddable":true,"href":"https:\/\/www.radiopresidenteibanez.cl\/web\/wp-json\/wp\/v2\/categories?post=14521"},{"taxonomy":"post_tag","embeddable":true,"href":"https:\/\/www.radiopresidenteibanez.cl\/web\/wp-json\/wp\/v2\/tags?post=14521"}],"curies":[{"name":"wp","href":"https:\/\/api.w.org\/{rel}","templated":true}]}}