{"id":1452,"date":"2019-02-14T19:23:19","date_gmt":"2019-02-14T19:23:19","guid":{"rendered":"http:\/\/www.radiopresidenteibanez.cl\/web\/?p=1452"},"modified":"2019-02-14T19:23:34","modified_gmt":"2019-02-14T19:23:34","slug":"sector-salud-magallanes-reitera-importancia-de-vacunacion-contra-sarampion-para-jovenes-de-20-a-24-anos","status":"publish","type":"post","link":"https:\/\/www.radiopresidenteibanez.cl\/web\/sector-salud-magallanes-reitera-importancia-de-vacunacion-contra-sarampion-para-jovenes-de-20-a-24-anos\/","title":{"rendered":"SECTOR SALUD MAGALLANES REITERA IMPORTANCIA DE VACUNACI\u00d3N CONTRA SARAMPI\u00d3N PARA J\u00d3VENES DE 20 A 24 A\u00d1OS"},"content":{"rendered":"\n<p>Como parte de las acciones de reforzamiento de la Campa\u00f1a contra el Sarampi\u00f3n para j\u00f3venes que se encuentra desarrollando el Minsal, el sector salud de Magallanes organiz\u00f3 un punto de vacunaci\u00f3n en Av. Col\u00f3n con Bories para acercar este beneficio a la comunidad, actividad que cont\u00f3 con apoyo de ambulancias de la Corporaci\u00f3n Municipal de Punta Arenas y el Instituto de Seguridad del Trabajo (IST).<br>\nLa SEREMI de Salud, Mariela Rojas Ram\u00edrez, valor\u00f3 la participaci\u00f3n e inter\u00e9s mostrado por el p\u00fablico joven, que en gran cantidad realiz\u00f3 las consultas respectivas acerca de esta enfermedad y se vacunaron los pertenecientes al grupo objetivo. \u201cEstamos haciendo un llamado a los j\u00f3venes y nos ha ido bastante bien. Tenemos que entender que es un periodo de vacaciones y que algunos de ellos no est\u00e1n en la regi\u00f3n, por lo que continuaremos reforzando esta campa\u00f1a para lograr las coberturas necesarias. El llamado es a prevenir para que no tengamos sarampi\u00f3n aut\u00f3ctono. Los casos que hemos tenido en el pa\u00eds son importados, por lo que es importante vacunarse para estar protegidos contra esta enfermedad\u201d, detall\u00f3 la SEREMI, agregando que durante el operativo realizado durante el martes en la tarde en el centro de Punta Arenas se vacunaron 50 j\u00f3venes.<br>\nLa Autoridad de Salud inform\u00f3 que al 10 de febrero de 2019 la cobertura de vacunaci\u00f3n contra sarampi\u00f3n para j\u00f3venes de 20 a 24 a\u00f1os, 11 meses y 29 d\u00edas en Magallanes alcanza el 41,2%, con 4.568 personas vacunadas. La cobertura nacional es de un 42,6%. En Magallanes la poblaci\u00f3n objetivo estimada es de 11.133 personas. <br>\nLa Encargada Regional del Programa Nacional de Inmunizaciones (PNI) de la SEREMI de Salud, Janet Vrsalovic, explic\u00f3 que en este punto de vacunaci\u00f3n participaron equipos de salud de los Cesfam Dr. Mateo Bencur y Thomas Fenton, del Servicio de Salud Magallanes y SEREMI de Salud, que informaron a los transe\u00fantes que esta vacuna es gratuita en los vacunatorios de la red p\u00fablica de salud y privados en convenio (Cl\u00ednica Magallanes y Megasalud). Pueden acceder a ella todos los residentes del pa\u00eds que se encuentren en el rango de edad antes mencionado. Esta campa\u00f1a se desarrollar\u00e1 hasta finales de febrero o hasta alcanzar el 80% de cobertura.<br>\nEl sector salud regional tambi\u00e9n tiene programado durante la pr\u00f3xima semana otro punto de vacunaci\u00f3n contra el sarampi\u00f3n para j\u00f3venes, el viernes 22 de febrero de 15.00 a 18.00 horas en ZonAustral.<br>\nAntecedentes<br>\nEn Chile, tras la interrupci\u00f3n de la transmisi\u00f3n aut\u00f3ctona del sarampi\u00f3n en 1992, se han presentado casos aislados o brotes espor\u00e1dicos de sarampi\u00f3n relacionados a casos importados en el verano 1998-1999, en 2003, 2009, 2011 y 2015.<br>\nLa OPS\/OMS recomienda, que los ni\u00f1os reciban dos dosis de la vacuna contra el sarampi\u00f3n y que los pa\u00edses que apuntan a la eliminaci\u00f3n del sarampi\u00f3n deben lograr coberturas \u226595% con ambas dosis en todos los ni\u00f1os en cada distrito. En Chile, para la protecci\u00f3n del sarampi\u00f3n, el esquema vigente considera la administraci\u00f3n de 2 dosis de esta vacuna, la primera dosis a los 12 meses de vida y la segunda dosis en primer a\u00f1o de educaci\u00f3n b\u00e1sica.<br>\nEn los \u00faltimos 5 a\u00f1os las coberturas con la primera dosis de SRP han fluctuado entre 94,4 y 97,2%, y la cobertura de la 2\u00b0 dosis, administrada en 1\u00b0 b\u00e1sico (de refuerzo) ha alcanzado en el a\u00f1o 2017 un 90,5%.<br>\nLos casos importados y la presencia de la enfermedad de sarampi\u00f3n en otros pa\u00edses han generado la necesidad de fortalecer la vacunaci\u00f3n en viajeros y en otros grupos etareos. <br>\nAdem\u00e1s, se mantienen las siguientes recomendaciones:  <\/p>\n\n\n\n<ol class=\"wp-block-list\"><li>Se deben vacunar viajeros con cualquier destino fuera del pa\u00eds, en los siguientes grupos:<br>\n\u2022    Viajeros nacidos entre los a\u00f1os 1971 y 1981 y que no tengan antecedentes de haber recibido 2 dosis de vacuna despu\u00e9s de los 12 meses de edad.<br>\n\u2022    Ni\u00f1os mayores de 1 a\u00f1o y menores de 7 a\u00f1os que tienen solo 1 dosis administrada, deben ser vacunados por lo menos 2 semanas antes del viaje.<br>\n\u2022    Lactantes entre 6 y 11 meses 29 d\u00edas de edad, deben recibir 1 dosis por lo menos 2 semanas antes del viaje. Posteriormente deben seguir el calendario de vacunaci\u00f3n normal a las edades establecidas por el PNI.<\/li><li>Realizar puesta al d\u00eda de calendarios de vacunaci\u00f3n de quienes no tengan claro su estatus vacunal, lo cual pueden consultar de forma gratuita en los vacunatorios p\u00fablicos y privados en convenio.<\/li><\/ol>\n","protected":false},"excerpt":{"rendered":"<p>Como parte de las acciones de reforzamiento de la Campa\u00f1a contra el Sarampi\u00f3n para j\u00f3venes que se encuentra desarrollando el Minsal, el sector salud de Magallanes organiz\u00f3 un punto de&#8230; <a class=\"read-more\" href=\"https:\/\/www.radiopresidenteibanez.cl\/web\/sector-salud-magallanes-reitera-importancia-de-vacunacion-contra-sarampion-para-jovenes-de-20-a-24-anos\/\">Leer m\u00e1s<\/a><\/p>\n","protected":false},"author":2,"featured_media":1453,"comment_status":"closed","ping_status":"closed","sticky":false,"template":"","format":"standard","meta":{"footnotes":""},"categories":[1],"tags":[],"class_list":["post-1452","post","type-post","status-publish","format-standard","has-post-thumbnail","hentry","category-cronica"],"_links":{"self":[{"href":"https:\/\/www.radiopresidenteibanez.cl\/web\/wp-json\/wp\/v2\/posts\/1452","targetHints":{"allow":["GET"]}}],"collection":[{"href":"https:\/\/www.radiopresidenteibanez.cl\/web\/wp-json\/wp\/v2\/posts"}],"about":[{"href":"https:\/\/www.radiopresidenteibanez.cl\/web\/wp-json\/wp\/v2\/types\/post"}],"author":[{"embeddable":true,"href":"https:\/\/www.radiopresidenteibanez.cl\/web\/wp-json\/wp\/v2\/users\/2"}],"replies":[{"embeddable":true,"href":"https:\/\/www.radiopresidenteibanez.cl\/web\/wp-json\/wp\/v2\/comments?post=1452"}],"version-history":[{"count":0,"href":"https:\/\/www.radiopresidenteibanez.cl\/web\/wp-json\/wp\/v2\/posts\/1452\/revisions"}],"wp:featuredmedia":[{"embeddable":true,"href":"https:\/\/www.radiopresidenteibanez.cl\/web\/wp-json\/wp\/v2\/media\/1453"}],"wp:attachment":[{"href":"https:\/\/www.radiopresidenteibanez.cl\/web\/wp-json\/wp\/v2\/media?parent=1452"}],"wp:term":[{"taxonomy":"category","embeddable":true,"href":"https:\/\/www.radiopresidenteibanez.cl\/web\/wp-json\/wp\/v2\/categories?post=1452"},{"taxonomy":"post_tag","embeddable":true,"href":"https:\/\/www.radiopresidenteibanez.cl\/web\/wp-json\/wp\/v2\/tags?post=1452"}],"curies":[{"name":"wp","href":"https:\/\/api.w.org\/{rel}","templated":true}]}}