{"id":14519,"date":"2020-09-01T23:16:40","date_gmt":"2020-09-01T23:16:40","guid":{"rendered":"https:\/\/www.radiopresidenteibanez.cl\/web\/?p=14519"},"modified":"2020-09-01T23:16:46","modified_gmt":"2020-09-01T23:16:46","slug":"banda-destinada-al-trafico-de-droga-fue-condenada-en-juicio-oral-2","status":"publish","type":"post","link":"https:\/\/www.radiopresidenteibanez.cl\/web\/banda-destinada-al-trafico-de-droga-fue-condenada-en-juicio-oral-2\/","title":{"rendered":"BANDA DESTINADA AL TR\u00c1FICO DE DROGA FUE CONDENADA EN JUICIO ORAL"},"content":{"rendered":"\n<p>Como\nautores de tr\u00e1fico il\u00edcito de drogas y estupefacientes y microtr\u00e1fico, hoy,\nfueron condenados diversos representantes de un grupo dedicado a la venta y\ndistribuci\u00f3n de droga en Magallanes.<\/p>\n\n\n\n<p>En\nla oportunidad el Tribunal de Juicio Oral en lo Penal de Punta Arenas,&nbsp; conden\u00f3 a Luis\nWilfredo Portorreal Peralta a 7 a\u00f1os de c\u00e1rcel y a &nbsp;Fabi\u00e1n Enrique Borquez Troncoso a 6 a\u00f1os de presidido.\nEn tanto Jean Carlos S\u00e1nchez Toribio fue sentenciado a 817 d\u00edas de c\u00e1rcel y los\nhermanos Yulio Radhames Ledesma Ram\u00f3n y Jorge Luis Ledesma Ram\u00f3n, deber\u00e1n\ncumplir 818 d\u00edas de presidio por el il\u00edcito de tr\u00e1fico il\u00edcito de drogas en\npeque\u00f1as cantidades. La conviviente de Portorreal,&nbsp; Evangelista Rodr\u00edguez\nG\u00f3mez, en tanto, fue absuelta de los cargos.<\/p>\n\n\n\n<p>Cabe recordar\nque durante el juicio oral efectuado semipresencialmente, el Fiscal\nEspecialista en delitos de la ley de drogas, Manuel Soto Basauren, sostuvo que durante la investigaci\u00f3n de esta causa se\nutilizaron diversas herramientas y t\u00e9cnicas de investigaci\u00f3n propias de la ley\n20.000 mediante las cuales se logr\u00f3 vincular a este grupo de personas con&nbsp;\nel tr\u00e1fico de drogas, estableciendo que Portorreal Peralta, era quien\ncoordinaba, permanentemente, la entrega de droga il\u00edcita a distintos\ndistribuidores de Punta Arenas, incluso traslad\u00e1ndose a Per\u00fa para su env\u00edo,\ncontando como brazos operativos de la distribuci\u00f3n a los dem\u00e1s acusados. <\/p>\n","protected":false},"excerpt":{"rendered":"<p>Como autores de tr\u00e1fico il\u00edcito de drogas y estupefacientes y microtr\u00e1fico, hoy, fueron condenados diversos representantes de un grupo dedicado a la venta y distribuci\u00f3n de droga en Magallanes. En&#8230; <a class=\"read-more\" href=\"https:\/\/www.radiopresidenteibanez.cl\/web\/banda-destinada-al-trafico-de-droga-fue-condenada-en-juicio-oral-2\/\">Leer m\u00e1s<\/a><\/p>\n","protected":false},"author":2,"featured_media":740,"comment_status":"closed","ping_status":"closed","sticky":false,"template":"","format":"standard","meta":{"footnotes":""},"categories":[1],"tags":[],"class_list":["post-14519","post","type-post","status-publish","format-standard","has-post-thumbnail","hentry","category-cronica"],"_links":{"self":[{"href":"https:\/\/www.radiopresidenteibanez.cl\/web\/wp-json\/wp\/v2\/posts\/14519","targetHints":{"allow":["GET"]}}],"collection":[{"href":"https:\/\/www.radiopresidenteibanez.cl\/web\/wp-json\/wp\/v2\/posts"}],"about":[{"href":"https:\/\/www.radiopresidenteibanez.cl\/web\/wp-json\/wp\/v2\/types\/post"}],"author":[{"embeddable":true,"href":"https:\/\/www.radiopresidenteibanez.cl\/web\/wp-json\/wp\/v2\/users\/2"}],"replies":[{"embeddable":true,"href":"https:\/\/www.radiopresidenteibanez.cl\/web\/wp-json\/wp\/v2\/comments?post=14519"}],"version-history":[{"count":0,"href":"https:\/\/www.radiopresidenteibanez.cl\/web\/wp-json\/wp\/v2\/posts\/14519\/revisions"}],"wp:featuredmedia":[{"embeddable":true,"href":"https:\/\/www.radiopresidenteibanez.cl\/web\/wp-json\/wp\/v2\/media\/740"}],"wp:attachment":[{"href":"https:\/\/www.radiopresidenteibanez.cl\/web\/wp-json\/wp\/v2\/media?parent=14519"}],"wp:term":[{"taxonomy":"category","embeddable":true,"href":"https:\/\/www.radiopresidenteibanez.cl\/web\/wp-json\/wp\/v2\/categories?post=14519"},{"taxonomy":"post_tag","embeddable":true,"href":"https:\/\/www.radiopresidenteibanez.cl\/web\/wp-json\/wp\/v2\/tags?post=14519"}],"curies":[{"name":"wp","href":"https:\/\/api.w.org\/{rel}","templated":true}]}}