{"id":14516,"date":"2020-09-01T23:15:15","date_gmt":"2020-09-01T23:15:15","guid":{"rendered":"https:\/\/www.radiopresidenteibanez.cl\/web\/?p=14516"},"modified":"2020-09-01T23:15:20","modified_gmt":"2020-09-01T23:15:20","slug":"convergencia-social-hace-llegar-carta-de-recomendaciones-al-ministro-enrique-paris","status":"publish","type":"post","link":"https:\/\/www.radiopresidenteibanez.cl\/web\/convergencia-social-hace-llegar-carta-de-recomendaciones-al-ministro-enrique-paris\/","title":{"rendered":"CONVERGENCIA SOCIAL HACE LLEGAR CARTA DE RECOMENDACIONES AL MINISTRO ENRIQUE PARIS"},"content":{"rendered":"\n<p>Se\u00f1or:<\/p>\n\n\n\n<p>Enrique Paris Mancilla<\/p>\n\n\n\n<p>Ministro de Salud<\/p>\n\n\n\n<p>Gobierno de Chile.<\/p>\n\n\n\n<p>Presente.\/<\/p>\n\n\n\n<p>Junto con saludar, a trav\u00e9s del presente documento, como\nConvergencia Social Magallanes, manifestamos a usted nuestra permanente\npreocupaci\u00f3n ante el desfavorable escenario que enfrenta la regi\u00f3n, por lo cual\nsugerimos la implementaci\u00f3n de algunas medidas tendientes a enfrentar en mejor manera\nla pandemia.<\/p>\n\n\n\n<p>Lo anterior se fundamenta en que nuestra regi\u00f3n presenta\nla m\u00e1s alta tasa de contagios a nivel nacional y adem\u00e1s presenta una serie de\nfactores que dificultan el control de la curva de crecimiento, a saber,\nfactores clim\u00e1ticos, situaci\u00f3n de aislamiento y el gran porcentaje de pacientes\ncon patolog\u00edas cr\u00f3nicas y adultos mayores que habitan en nuestra regi\u00f3n.<\/p>\n\n\n\n<p>1.- MEJOR UTILIZACI\u00d3N DE LAS FFAA Y DE ORDEN:<\/p>\n\n\n\n<p>Se podr\u00eda utilizar de manera mucho m\u00e1s efectiva al\npersonal de la FFAA y de orden de nuestra regi\u00f3n, para eso se propone:<\/p>\n\n\n\n<ul class=\"wp-block-list\"><li>Presencia de\npersonal de ej\u00e9rcito en lugares de grandes aglomeraciones de p\u00fablico\n(Farmacias, supermercados, Bancos, etc.) con el fin de que se respete la\ndistancia de un metro entre personas con el fin de prevenir contagios y por\nsobre todo en los Centro de Salud<\/li><\/ul>\n\n\n\n<ul class=\"wp-block-list\"><li>Con mucho pesar, a\ntrav\u00e9s de los hechos recientes ha quedado en evidencia la falta de garant\u00edas de\nlas trabajadoras que realizan funciones en residencias sanitarias, por ello que\nes de suma urgencia resguardar la seguridad del personal que desempe\u00f1a\nfunciones en dichos establecimientos, reforzando los turnos y con apoyo de\nfuncionarios de las FFAA<\/li><\/ul>\n\n\n\n<ul class=\"wp-block-list\"><li>Instruir a las ramas\nde las FFAA a que pongan a disposici\u00f3n tanto su personal m\u00e9dico como tambi\u00e9n\nlas dependencias con las que cuentan para atender a personas que presenten\npatolog\u00edas no relacionadas con COVID 19. Esto traer\u00eda un inmenso beneficio ya\nque por un lado descongestionar\u00eda los servicios de urgencia y por otra parte\nevitar\u00eda contagios.<\/li><\/ul>\n\n\n\n<ul class=\"wp-block-list\"><li>Poner a disposici\u00f3n\nveh\u00edculos y personal de las FFAA para la distribuci\u00f3n de medicamentos a\ndomicilio para personas que no puedan acudir a realizar dicho retiro en\nfarmacia del hospital cl\u00ednico y CESFAM.<\/li><\/ul>\n\n\n\n<ul class=\"wp-block-list\"><li>Utilizar carros\nlanza aguas y lanza gases de carabineros para sanitar las calles.<\/li><\/ul>\n\n\n\n<p>2.- MEJORAS EN ATENCI\u00d3N DE SALUD.<\/p>\n\n\n\n<ul class=\"wp-block-list\"><li>Ha quedado\ndemostrado que el n\u00famero nacional del ministerio de salud no est\u00e1 funcionando\nde manera \u00f3ptima, generalmente no contesta y cuando lo hace no da respuesta a\nlas consultas de las personas, se propone la creaci\u00f3n de un n\u00famero de consulta REGIONAL,\natendido por profesionales de salud que oriente y de soluci\u00f3n a las diferentes\nconsultas de la ciudadan\u00eda.<\/li><\/ul>\n\n\n\n<ul class=\"wp-block-list\"><li>Priorizar la toma de\nexamen PCR y test r\u00e1pido serol\u00f3gicos de control para personal de salud con\ntrabajo efectivo, que haya sido contacto de persona infectada, esto con el fin\nde que en caso de ser negativo pueda reintegrarse r\u00e1pidamente a sus funciones,\nsin <\/li><\/ul>\n\n\n\n<p>guardar\nuna cuarentena que pudiese ser innecesaria y a su vez garantizar que las\nprestaciones sanitarias sean entregadas sin mayores riesgos de contagio para\nlos usuarios de la comunidad y el flujo interno de personal en los\nestablecimientos.<\/p>\n\n\n\n<ul class=\"wp-block-list\"><li>Priorizar la\nadquisici\u00f3n de elementos de protecci\u00f3n personal para funcionarios de salud en\nel entendido de que en caso de contagiarse la capacidad de respuesta disminuye\nabruptamente, ya que no abandona su puesto de trabajo solo el contagiado, sino\nadem\u00e1s sus compa\u00f1eros que han sido contactos.<\/li><\/ul>\n\n\n\n<ul class=\"wp-block-list\"><li>Decretar el cierre\ninmediato de todos aquellos locales comerciales que no son vitales para el\nfuncionamiento de la regi\u00f3n en esta emergencia sanitaria, salvaguardando los\nderechos laborales de las y los trabajadores.<\/li><\/ul>\n\n\n\n<ul class=\"wp-block-list\"><li>Exigir y fiscalizar\nla entrega de elementos de protecci\u00f3n para todas aquellas personas que deban\nseguir trabajando, estandarizar requerimientos m\u00ednimos de funcionamiento y\nfiscalizarlos, los costos de adquisici\u00f3n deben ser asumidos por el empleador.<\/li><\/ul>\n\n\n\n<ul class=\"wp-block-list\"><li>Sincronizar la red\nasistencial, pudiendo definir el establecimiento de mayor complejidad, como\ncentro de referencia para casos Covid-19 positivo, incrementando la capacidad\nde camas disponibles para las hospitalizaciones, articular las atenciones de\nm\u00e9dicos especialistas en los respectivos CECOSF, y CESFAM, permitiendo la\ndisminuci\u00f3n de usuarios circulantes en el Hospital de Mayor Complejidad.\nHabilitar escuelas y gimnasios para entregas continuas de medicamentos.<\/li><\/ul>\n\n\n\n<ul class=\"wp-block-list\"><li>Ante la carencia de\npersonal sanitario asistencial en la regi\u00f3n, permitir que alumnos de las\ncarreras TENS de los diversos centros de formaci\u00f3n acad\u00e9mica Universidades,\nInstitutos, realicen sus pr\u00e1cticas profesionales y pasant\u00edas en los\nestablecimientos de salud y serem\u00eda, con la finalidad de aumentar la capacidad de\nrecurso humano para la atenci\u00f3n sanitaria, permitiendo avanzar en la contenci\u00f3n\nde la pandemia y al mismo tiempo dar cumplimiento de las mallas acad\u00e9micas\nrespectivas.<\/li><\/ul>\n\n\n\n<p>3.- Implementar mesa Covid-19 regional, con la\nparticipaci\u00f3n activa de la autoridad sanitaria Serem\u00eda de Salud, Servicio de\nSalud Magallanes, APS, Gremios de la Salud y representantes del Core.<\/p>\n\n\n\n<ul class=\"wp-block-list\"><li>Readecuar los puntos\nde control sanitario, con utilizaci\u00f3n del recurso alumnos en formaci\u00f3n\nacad\u00e9mica, permitiendo relevar o redestinar personal calificado dispuesto en\nestos puestos, permitiendo el incremento de trazadores, los que est\u00e1n muy por\ndebajo de las sugerencias de la OMS y algunos organismos internacionales que recomiendan un\nm\u00ednimo de entre 50 a 80 trazadores cada 100.000 habitantes, lo cual se\nencuentra muy por encima del n\u00famero de personas que ejercen esta funci\u00f3n en\nnuestra regi\u00f3n.<\/li><\/ul>\n\n\n\n<p>Se\u00f1or ministro, las medidas anteriormente mencionadas son\nde f\u00e1cil implementaci\u00f3n y no significan grandes recursos econ\u00f3micos y sin duda\naportar\u00edan de manera considerable a aplanar la curva de contagios en nuestra\nregi\u00f3n, estas medidas nacen de una inquietud personal y tambi\u00e9n del contacto\ndiario con decenas de vecinos que claman por mayores medidas de control.<\/p>\n\n\n\n<p>Esperando una favorable acogida a estas propuestas, en el\nentendido que esta lucha la debemos dar todos juntos, debatiendo, pero a la vez\nproponiendo soluciones.<\/p>\n\n\n\n<p>Se despide atentamente<\/p>\n\n\n\n<p>Arturo D\u00edaz Valderrama<\/p>\n\n\n\n<p>Presidente Convergencia Social Magallanes<\/p>\n","protected":false},"excerpt":{"rendered":"<p>Se\u00f1or: Enrique Paris Mancilla Ministro de Salud Gobierno de Chile. Presente.\/ Junto con saludar, a trav\u00e9s del presente documento, como Convergencia Social Magallanes, manifestamos a usted nuestra permanente preocupaci\u00f3n ante&#8230; <a class=\"read-more\" href=\"https:\/\/www.radiopresidenteibanez.cl\/web\/convergencia-social-hace-llegar-carta-de-recomendaciones-al-ministro-enrique-paris\/\">Leer m\u00e1s<\/a><\/p>\n","protected":false},"author":2,"featured_media":14517,"comment_status":"closed","ping_status":"closed","sticky":false,"template":"","format":"standard","meta":{"footnotes":""},"categories":[1],"tags":[],"class_list":["post-14516","post","type-post","status-publish","format-standard","has-post-thumbnail","hentry","category-cronica"],"_links":{"self":[{"href":"https:\/\/www.radiopresidenteibanez.cl\/web\/wp-json\/wp\/v2\/posts\/14516","targetHints":{"allow":["GET"]}}],"collection":[{"href":"https:\/\/www.radiopresidenteibanez.cl\/web\/wp-json\/wp\/v2\/posts"}],"about":[{"href":"https:\/\/www.radiopresidenteibanez.cl\/web\/wp-json\/wp\/v2\/types\/post"}],"author":[{"embeddable":true,"href":"https:\/\/www.radiopresidenteibanez.cl\/web\/wp-json\/wp\/v2\/users\/2"}],"replies":[{"embeddable":true,"href":"https:\/\/www.radiopresidenteibanez.cl\/web\/wp-json\/wp\/v2\/comments?post=14516"}],"version-history":[{"count":0,"href":"https:\/\/www.radiopresidenteibanez.cl\/web\/wp-json\/wp\/v2\/posts\/14516\/revisions"}],"wp:featuredmedia":[{"embeddable":true,"href":"https:\/\/www.radiopresidenteibanez.cl\/web\/wp-json\/wp\/v2\/media\/14517"}],"wp:attachment":[{"href":"https:\/\/www.radiopresidenteibanez.cl\/web\/wp-json\/wp\/v2\/media?parent=14516"}],"wp:term":[{"taxonomy":"category","embeddable":true,"href":"https:\/\/www.radiopresidenteibanez.cl\/web\/wp-json\/wp\/v2\/categories?post=14516"},{"taxonomy":"post_tag","embeddable":true,"href":"https:\/\/www.radiopresidenteibanez.cl\/web\/wp-json\/wp\/v2\/tags?post=14516"}],"curies":[{"name":"wp","href":"https:\/\/api.w.org\/{rel}","templated":true}]}}