{"id":14513,"date":"2020-09-01T23:12:13","date_gmt":"2020-09-01T23:12:13","guid":{"rendered":"https:\/\/www.radiopresidenteibanez.cl\/web\/?p=14513"},"modified":"2020-09-01T23:12:18","modified_gmt":"2020-09-01T23:12:18","slug":"alcalde-radonich-solicito-mas-testeos-en-barrios-y-examen-pcr-obligatorio-a-quienes-lleguen-a-la-region","status":"publish","type":"post","link":"https:\/\/www.radiopresidenteibanez.cl\/web\/alcalde-radonich-solicito-mas-testeos-en-barrios-y-examen-pcr-obligatorio-a-quienes-lleguen-a-la-region\/","title":{"rendered":"ALCALDE RADONICH SOLICIT\u00d3 M\u00c1S TESTEOS EN BARRIOS Y EXAMEN PCR OBLIGATORIO A QUIENES LLEGUEN A LA REGI\u00d3N"},"content":{"rendered":"\n<p>Durante esta jornada, el Ministro de Salud Enrique Paris, junto a los subsecretarios Arturo Z\u00fa\u00f1iga y Paula Daza, participaron de diversas actividades en nuestra ciudad, vinculadas a la situaci\u00f3n actual que vive Punta Arenas frente al aumento de casos positivos de Covid-19 y el nuevo brote que ha llevado a sus habitantes a una segunda cuarentena total.<\/p>\n\n\n\n<p>En ese sentido, la primera actividad oficial que realiz\u00f3 el Ministro, fue reunirse con los alcaldes de la regi\u00f3n de Magallanes, instancia en la cual el alcalde Claudio Radonich solicit\u00f3 nuevamente, la necesidad de aumentar los Testeos en los Barrios y Poblaciones de Punta Arenas, con el fin de pesquisar casos positivos y asintom\u00e1ticos, para poder mejorar los \u00edndices de trazabilidad y aislamiento territorial, esto con el objetivo de controlar la expansi\u00f3n de la pandemia.<\/p>\n\n\n\n<p>Posterior a ello, Radonich calific\u00f3 como positiva la visita del Ministro de Salud Enrique Paris y los Subsecretarios Arturo Z\u00fa\u00f1iga y Paula Daza a la regi\u00f3n, destacando que \u201cse anunciaron acciones concretas para enfrentar de mejor manera este virus, pensando en esta segunda ola, confirmando la llegada de m\u00e1s profesionales y diversos insumos m\u00e9dicos para la regi\u00f3n\u201d.<\/p>\n\n\n\n<p>\u201cDe igual forma, tuvimos respuestas favorables respecto a una solicitud que hicimos de manera formal hace una semana y que recalcamos el d\u00eda de hoy, en la que pedimos acciones espec\u00edficas para lo que hoy ocurre en Magallanes, por tanto, quedo conforme con las respuestas del Ministro Paris, que incluyen exigir que todas las personas que lleguen a Punta Arenas, lo hagan previo examen PCR, de tal manera de entregar las garant\u00edas de que la barrera sanitaria pueda ser m\u00e1s eficaz\u201d, explic\u00f3 la autoridad comunal.<\/p>\n\n\n\n<p>En cuanto a poder aumentar los Testeos, la solicitud fue acogida por las autoridades sanitarias, por lo que se espera que pueda concretarse cuanto antes, tanto en el Hospital como en los Centro de Salud Municipal.<\/p>\n\n\n\n<p>Posterior a ello, el Ministro y los Subsecretarios se trasladaron hasta un supermercado en el lado sur de la ciudad, en el cual se realizaron ex\u00e1menes PCR a los trabajadores, instancia en la que la jefa del \u00c1rea de Salud Municipal, Rosa Bidart entreg\u00f3 una carta a Paris reiterando lo solicitado por el alcalde Radonich.<\/p>\n\n\n\n<p>Finalmente, Bidart dijo que \u201cactualmente, el equipo TTA cuenta con 19 personas, pero esperamos acrecentar ese n\u00famero, &nbsp;ya que no hemos podido brindar total cobertura al proceso de visitas y testeos a los contactos estrechos de personas positivas, pensando en ampliar la trazabilidad y as\u00ed bajar el nivel de expansi\u00f3n del virus entre nuestros vecinos\u201d.<\/p>\n","protected":false},"excerpt":{"rendered":"<p>Durante esta jornada, el Ministro de Salud Enrique Paris, junto a los subsecretarios Arturo Z\u00fa\u00f1iga y Paula Daza, participaron de diversas actividades en nuestra ciudad, vinculadas a la situaci\u00f3n actual&#8230; <a class=\"read-more\" href=\"https:\/\/www.radiopresidenteibanez.cl\/web\/alcalde-radonich-solicito-mas-testeos-en-barrios-y-examen-pcr-obligatorio-a-quienes-lleguen-a-la-region\/\">Leer m\u00e1s<\/a><\/p>\n","protected":false},"author":2,"featured_media":14514,"comment_status":"closed","ping_status":"closed","sticky":false,"template":"","format":"standard","meta":{"footnotes":""},"categories":[1],"tags":[],"class_list":["post-14513","post","type-post","status-publish","format-standard","has-post-thumbnail","hentry","category-cronica"],"_links":{"self":[{"href":"https:\/\/www.radiopresidenteibanez.cl\/web\/wp-json\/wp\/v2\/posts\/14513","targetHints":{"allow":["GET"]}}],"collection":[{"href":"https:\/\/www.radiopresidenteibanez.cl\/web\/wp-json\/wp\/v2\/posts"}],"about":[{"href":"https:\/\/www.radiopresidenteibanez.cl\/web\/wp-json\/wp\/v2\/types\/post"}],"author":[{"embeddable":true,"href":"https:\/\/www.radiopresidenteibanez.cl\/web\/wp-json\/wp\/v2\/users\/2"}],"replies":[{"embeddable":true,"href":"https:\/\/www.radiopresidenteibanez.cl\/web\/wp-json\/wp\/v2\/comments?post=14513"}],"version-history":[{"count":0,"href":"https:\/\/www.radiopresidenteibanez.cl\/web\/wp-json\/wp\/v2\/posts\/14513\/revisions"}],"wp:featuredmedia":[{"embeddable":true,"href":"https:\/\/www.radiopresidenteibanez.cl\/web\/wp-json\/wp\/v2\/media\/14514"}],"wp:attachment":[{"href":"https:\/\/www.radiopresidenteibanez.cl\/web\/wp-json\/wp\/v2\/media?parent=14513"}],"wp:term":[{"taxonomy":"category","embeddable":true,"href":"https:\/\/www.radiopresidenteibanez.cl\/web\/wp-json\/wp\/v2\/categories?post=14513"},{"taxonomy":"post_tag","embeddable":true,"href":"https:\/\/www.radiopresidenteibanez.cl\/web\/wp-json\/wp\/v2\/tags?post=14513"}],"curies":[{"name":"wp","href":"https:\/\/api.w.org\/{rel}","templated":true}]}}