{"id":14510,"date":"2020-09-01T23:09:03","date_gmt":"2020-09-01T23:09:03","guid":{"rendered":"https:\/\/www.radiopresidenteibanez.cl\/web\/?p=14510"},"modified":"2020-09-01T23:09:09","modified_gmt":"2020-09-01T23:09:09","slug":"educacion-tecnica-profesional-un-desafio-que-nos-conecta-a-todos","status":"publish","type":"post","link":"https:\/\/www.radiopresidenteibanez.cl\/web\/educacion-tecnica-profesional-un-desafio-que-nos-conecta-a-todos\/","title":{"rendered":"EDUCACI\u00d3N T\u00c9CNICA PROFESIONAL: UN DESAFIO QUE NOS CONECTA A TODOS"},"content":{"rendered":"\n<p>Durante agosto en Chile se\nconmemora la creaci\u00f3n de la educaci\u00f3n t\u00e9cnico profesional y en su aniversario\nn\u00famero 78 este a\u00f1o se anunci\u00f3 para la regi\u00f3n de Magallanes la firma de un acuerdo\nque permite proyectar la creaci\u00f3n de un organismo de Certificaci\u00f3n Laboral que\nreconoce las competencias y trayectorias de los trabajadores y las trabajadoras.<\/p>\n\n\n\n<p>La firma de este convenio de\ncolaboraci\u00f3n involucra al CFT Estatal de Magallanes y a ChileValora,\norganizadores del seminario \u201cDesaf\u00edos para la Educaci\u00f3n T\u00e9cnico Profesional en\nMagallanes\u201d del cual fueron part\u00edcipes organizaciones que contribuyen, desde su\nmirada, a tener un panorama esclarecedor acerca de como debe abordarse la\nformaci\u00f3n t\u00e9cnica profesional, consolidando su pertinencia desde el esfuerzo\nconjunto de fuerzas laborales, empresarios, academ\u00eda e institucionalidad\np\u00fablica; confirmando su relevancia y la de sus egresados en tiempos de\npandemia, periodo de comportamientos at\u00edpicos para los procesos productivos donde\nlos t\u00e9cnicos han cobrado protagonismo brindado soluciones a muchas de las\nnecesidades actuales.<\/p>\n\n\n\n<p>As\u00ed lo comparti\u00f3 M\u00f3nica Brevis, jefa\nde divisi\u00f3n de Educaci\u00f3n Superior T\u00e9cnico Profesional del Mineduc quien plante\u00f3\nque en el pa\u00eds m\u00e1s de un 40% de los estudiantes que ingresan a la educaci\u00f3n\nsuperior eligen ser t\u00e9cnicos profesionales, dato que est\u00e1 alineado con el campo\nlaboral en Chile donde tres de cada cuatro empleos son de orden t\u00e9cnico en\ntodos los sectores econ\u00f3micos. <\/p>\n\n\n\n<p>De esta forma lo que se denomina\nmarco de cualificaciones de la educaci\u00f3n TP permite \u201cfortalecer la inserci\u00f3n\nlaboral, actualizar curriculos acordes a las necesidades del pa\u00eds y los\nsectores productivos. Para las empresas &nbsp;ayuda\na orientar de mejor forma la b\u00fasqueda de capital humano, mientras que &nbsp;para los trabajadores contribuye&nbsp; a avanzar en el reconocimiento de las\ncompetencias adquiridas\u201d, se\u00f1al\u00f3 Brevis.<strong>&nbsp; <\/strong><\/p>\n\n\n\n<p>Loreto M\u00e9ndez, jefa de Relaciones Institucionales y Comunicaciones de\nChileValora valor\u00f3 el webinar realizado desde Punta Arenas se\u00f1alando que \u00abinstancias\nde di\u00e1logo como estas, con la presencia de diversos actores que intervienen en\nel proceso de articulaci\u00f3n entre la educaci\u00f3n t\u00e9cnico profesional y el mundo\ndel trabajo son un aporte fundamental para avanzar en el camino de la formaci\u00f3n\ncontinua fortaleciendo la pertinencia&nbsp;entre las competencias que se\nentregan desde&nbsp; el mundo de la educaci\u00f3n y las que demandan los sectores\nproductivos de la regi\u00f3n\u201d.<\/p>\n\n\n\n<p>Durante el seminario se cont\u00f3 con la exposici\u00f3n de Leandra Mac\u00edas\ndirectora del Observatorio Laboral de Magallanes, quien invit\u00f3 a fortalecer la\ninformaci\u00f3n que se produce en el mercado laboral de la regi\u00f3n para tomar\ndecisiones respecto a la capacitaci\u00f3n y la formaci\u00f3n p\u00fablica y privada.<\/p>\n\n\n\n<p>En ello coincidieron el Director Regional del Sence Enrique H\u00e9rnandez,\nDaniela Torres de ONG Canales, Cecilia Degaldo de la Coordinaci\u00f3n de Educaci\u00f3n\nMedia T\u00e9cnico Profesional de la Seremi de Educaci\u00f3n, Carlos Odebret en nombre\nde la Asociaci\u00f3n de Salmonicultores de Magallanes y Ricardo Oyarzo, Presidente\nSindicato de Trabajadores de la Cormupa, quienes junto al rector del CFT\nEstatal de Magallanes Christian Quezada Ruiz, compartieron un panel de\ndiscusi\u00f3n.<\/p>\n\n\n\n<p>Los presentes se mostraron preocupados por como la pandemia acelera\nlos procesos laborales, considerando que la tecnolog\u00eda es clave para dar\ncontinuidad a los procesos de capacitaci\u00f3n y certificaci\u00f3n de competencias\nlaborales de trabajadores y trabajadoras.<\/p>\n\n\n\n<p><strong>Convenio\nde Colaboraci\u00f3n <\/strong><\/p>\n\n\n\n<p>En relaci\u00f3n al convenio de colaboraci\u00f3n firmado entre el CFT&nbsp;Estatal&nbsp;de\nMagallanes y ChileValora, Loreto M\u00e9ndez indic\u00f3 que \u201ces muy importante, pues\nabre posibilidades para que no s\u00f3lo estudiantes sino que tambi\u00e9n las y los\ntrabajadores puedan acceder a herramientas que mejoren su empleabilidad, como\nla certificaci\u00f3n de competencias laborales que les puedan permitir acceder a\ncarreras m\u00e1s cortas, que impulsen su desarrollo laboral\u00bb.<\/p>\n\n\n\n<p>Christian Quezada, rector del CFT agreg\u00f3 durante el seminario virtual\nque un convenio de esta \u00edndole genera&nbsp; la\nnecesidad de promover formaci\u00f3n para el empleo y \u201cen eso\nnecesitamos vincularnos con el mundo productivo y sobre todo servir de\nplataforma regional para que instituciones como ChileValora puedan implementar\ncertificaciones laborales. &nbsp;Y por nuestra\nparte, tener la capacidad de incorporar a nuestros programas de estudios estos\nreconocimientos de aprendizajes previos, no s\u00f3lo desde la educaci\u00f3n formal,\nsino tambi\u00e9n valorando las distintas trayectorias desde el mundo del trabajo\nmediante la certificaci\u00f3n de competencias que flexibilicen y potencien carreras\nque aporten mayor valor al desarrollo integral de las personas y de su calidad\nde vida\u201d.<\/p>\n\n\n\n<p>El webinar puede ser revisado \u00edntegramente en la canal de youtube\n\u201cSeminarios CFT de Magallanes\u201d o en <a href=\"file:\/\/\/C:\/Users\/comun\/Desktop\/CFTM%20Comunicaciones\/Words\/09-%20Septiembre\/www.cftdemagallanes.cl\/seminarios\">www.cftdemagallanes.cl\/seminarios<\/a>.<\/p>\n","protected":false},"excerpt":{"rendered":"<p>Durante agosto en Chile se conmemora la creaci\u00f3n de la educaci\u00f3n t\u00e9cnico profesional y en su aniversario n\u00famero 78 este a\u00f1o se anunci\u00f3 para la regi\u00f3n de Magallanes la firma&#8230; <a class=\"read-more\" href=\"https:\/\/www.radiopresidenteibanez.cl\/web\/educacion-tecnica-profesional-un-desafio-que-nos-conecta-a-todos\/\">Leer m\u00e1s<\/a><\/p>\n","protected":false},"author":2,"featured_media":14511,"comment_status":"closed","ping_status":"closed","sticky":false,"template":"","format":"standard","meta":{"footnotes":""},"categories":[1],"tags":[],"class_list":["post-14510","post","type-post","status-publish","format-standard","has-post-thumbnail","hentry","category-cronica"],"_links":{"self":[{"href":"https:\/\/www.radiopresidenteibanez.cl\/web\/wp-json\/wp\/v2\/posts\/14510","targetHints":{"allow":["GET"]}}],"collection":[{"href":"https:\/\/www.radiopresidenteibanez.cl\/web\/wp-json\/wp\/v2\/posts"}],"about":[{"href":"https:\/\/www.radiopresidenteibanez.cl\/web\/wp-json\/wp\/v2\/types\/post"}],"author":[{"embeddable":true,"href":"https:\/\/www.radiopresidenteibanez.cl\/web\/wp-json\/wp\/v2\/users\/2"}],"replies":[{"embeddable":true,"href":"https:\/\/www.radiopresidenteibanez.cl\/web\/wp-json\/wp\/v2\/comments?post=14510"}],"version-history":[{"count":0,"href":"https:\/\/www.radiopresidenteibanez.cl\/web\/wp-json\/wp\/v2\/posts\/14510\/revisions"}],"wp:featuredmedia":[{"embeddable":true,"href":"https:\/\/www.radiopresidenteibanez.cl\/web\/wp-json\/wp\/v2\/media\/14511"}],"wp:attachment":[{"href":"https:\/\/www.radiopresidenteibanez.cl\/web\/wp-json\/wp\/v2\/media?parent=14510"}],"wp:term":[{"taxonomy":"category","embeddable":true,"href":"https:\/\/www.radiopresidenteibanez.cl\/web\/wp-json\/wp\/v2\/categories?post=14510"},{"taxonomy":"post_tag","embeddable":true,"href":"https:\/\/www.radiopresidenteibanez.cl\/web\/wp-json\/wp\/v2\/tags?post=14510"}],"curies":[{"name":"wp","href":"https:\/\/api.w.org\/{rel}","templated":true}]}}