{"id":14507,"date":"2020-09-01T23:05:11","date_gmt":"2020-09-01T23:05:11","guid":{"rendered":"https:\/\/www.radiopresidenteibanez.cl\/web\/?p=14507"},"modified":"2020-09-01T23:05:17","modified_gmt":"2020-09-01T23:05:17","slug":"senador-bianchi-requirio-pronunciamiento-de-la-autoridad-sanitaria-respecto-a-posible-brote-de-covid-al-interior-de-asmar-magallanes","status":"publish","type":"post","link":"https:\/\/www.radiopresidenteibanez.cl\/web\/senador-bianchi-requirio-pronunciamiento-de-la-autoridad-sanitaria-respecto-a-posible-brote-de-covid-al-interior-de-asmar-magallanes\/","title":{"rendered":"SENADOR BIANCHI REQUIRI\u00d3 PRONUNCIAMIENTO DE LA AUTORIDAD SANITARIA RESPECTO A POSIBLE BROTE DE COVID AL INTERIOR DE ASMAR MAGALLANES"},"content":{"rendered":"\n<p>En\noficios dirigidos a la subsecretar\u00eda de Salud P\u00fablica y a la gerencia de la\nempresa p\u00fablica Asmar Magallanes el senador de Magallanes, Carlos Bianchi,\nrequiri\u00f3 informaci\u00f3n sobre un brote que se estar\u00eda produciendo en las\ninstanciaciones de dicha empresa estatal.<\/p>\n\n\n\n<p>Sobre el particular el\nparlamentario explic\u00f3 que \u201cLa comuna de Punta Arenas ha evidenciado un aumento\nimportante de casos covid 19, particularmente se ha informado en los reportes\noficiales sobre 100 casos diarios en la \u00faltima semana del mes de agosto, hechos\nque revisten la mayor preocupaci\u00f3n.\u201d<\/p>\n\n\n\n<p>Bianchi expres\u00f3 que \u201cSe ha\nconocido que al interior de le Empresa Asmar Magallanes, se habr\u00edan detectado\nuna decena de casos positivos en trabajadores, los se encontrar\u00edan cumpliendo\nla cuarentena respectiva, asimismo se nos report\u00f3 que la empresa cuenta con un\nprotocolo para este tipo de situaciones, sin embargo se requiere con prontitud\nque la autoridad sanitaria de Magallanes informe las medidas adoptadas para\nverificar el correcto funcionamiento de los protocolos establecidos al interior\nde Asmar, dando cuenta de fechas y metodolog\u00edas utilizadas para cumplir con\ndicho objetivo, particularmente respecto a la trazabilidad, seguimiento y apoyo\na las familias del personal afectado.\u201d<\/p>\n\n\n\n<p>El senador Bianchi, solicit\u00f3\noficiar tambi\u00e9n a la gerencia de Asmar Magallanes, para que informe los\nprocedimientos adoptados para enfrentar esta emergencia sanitaria y la\nestrategia desplegada para contener la propagaci\u00f3n del covid al interior de sus\ndependencias y si estas han sido coordinadas con la autoridad sanitaria\ncorrespondiente.<\/p>\n\n\n\n<p>El parlamentario,\nreiter\u00f3 que dada la contingencia urge actuar con prontitud y acuciosidad en la\ndetecci\u00f3n de los casos positivos de covid y su trazabilidad, es por ello que\nresulta muy importante que la autoridad sanitaria haga un seguimiento m\u00e1s\ncercano a los contactos de los casos confirmados, como por ejemplo acontece con\neste posible brote al interior de esta importante empresa donde se desempe\u00f1an\nalrededor de 250 personas.<\/p>\n","protected":false},"excerpt":{"rendered":"<p>En oficios dirigidos a la subsecretar\u00eda de Salud P\u00fablica y a la gerencia de la empresa p\u00fablica Asmar Magallanes el senador de Magallanes, Carlos Bianchi, requiri\u00f3 informaci\u00f3n sobre un brote&#8230; <a class=\"read-more\" href=\"https:\/\/www.radiopresidenteibanez.cl\/web\/senador-bianchi-requirio-pronunciamiento-de-la-autoridad-sanitaria-respecto-a-posible-brote-de-covid-al-interior-de-asmar-magallanes\/\">Leer m\u00e1s<\/a><\/p>\n","protected":false},"author":2,"featured_media":14508,"comment_status":"closed","ping_status":"closed","sticky":false,"template":"","format":"standard","meta":{"footnotes":""},"categories":[1],"tags":[],"class_list":["post-14507","post","type-post","status-publish","format-standard","has-post-thumbnail","hentry","category-cronica"],"_links":{"self":[{"href":"https:\/\/www.radiopresidenteibanez.cl\/web\/wp-json\/wp\/v2\/posts\/14507","targetHints":{"allow":["GET"]}}],"collection":[{"href":"https:\/\/www.radiopresidenteibanez.cl\/web\/wp-json\/wp\/v2\/posts"}],"about":[{"href":"https:\/\/www.radiopresidenteibanez.cl\/web\/wp-json\/wp\/v2\/types\/post"}],"author":[{"embeddable":true,"href":"https:\/\/www.radiopresidenteibanez.cl\/web\/wp-json\/wp\/v2\/users\/2"}],"replies":[{"embeddable":true,"href":"https:\/\/www.radiopresidenteibanez.cl\/web\/wp-json\/wp\/v2\/comments?post=14507"}],"version-history":[{"count":0,"href":"https:\/\/www.radiopresidenteibanez.cl\/web\/wp-json\/wp\/v2\/posts\/14507\/revisions"}],"wp:featuredmedia":[{"embeddable":true,"href":"https:\/\/www.radiopresidenteibanez.cl\/web\/wp-json\/wp\/v2\/media\/14508"}],"wp:attachment":[{"href":"https:\/\/www.radiopresidenteibanez.cl\/web\/wp-json\/wp\/v2\/media?parent=14507"}],"wp:term":[{"taxonomy":"category","embeddable":true,"href":"https:\/\/www.radiopresidenteibanez.cl\/web\/wp-json\/wp\/v2\/categories?post=14507"},{"taxonomy":"post_tag","embeddable":true,"href":"https:\/\/www.radiopresidenteibanez.cl\/web\/wp-json\/wp\/v2\/tags?post=14507"}],"curies":[{"name":"wp","href":"https:\/\/api.w.org\/{rel}","templated":true}]}}