{"id":14504,"date":"2020-09-01T23:01:19","date_gmt":"2020-09-01T23:01:19","guid":{"rendered":"https:\/\/www.radiopresidenteibanez.cl\/web\/?p=14504"},"modified":"2020-09-01T23:01:26","modified_gmt":"2020-09-01T23:01:26","slug":"diputado-gabriel-boric-por-situacion-en-punta-arenas-es-necesario-un-mayor-esfuerzo-por-parte-del-gobierno-central-y-regional-para-superar-esta-crisis","status":"publish","type":"post","link":"https:\/\/www.radiopresidenteibanez.cl\/web\/diputado-gabriel-boric-por-situacion-en-punta-arenas-es-necesario-un-mayor-esfuerzo-por-parte-del-gobierno-central-y-regional-para-superar-esta-crisis\/","title":{"rendered":"DIPUTADO GABRIEL BORIC POR SITUACI\u00d3N EN PUNTA ARENAS: \u00abES NECESARIO UN MAYOR ESFUERZO POR PARTE DEL GOBIERNO CENTRAL Y REGIONAL PARA SUPERAR ESTA CRISIS\u201d"},"content":{"rendered":"\n<p>\n\nEste lunes lleg\u00f3 a la regi\u00f3n de Magallanes el diputado Gabriel Boric, junto al ministro de Salud, Enrique Paris, la subsecretaria de Salud P\u00fablica, Paula Daza y el subsecretario de Redes Asistenciales, Arturo Z\u00fa\u00f1iga.<\/p>\n\n\n\n<p>Magallanes es la cuarta regi\u00f3n con m\u00e1s casos activos de covid-19 en el pa\u00eds, con 999 personas contagiadas. El d\u00eda jueves 27 de agosto la Regi\u00f3n de Magallanes tuvo su peak de contagios diarios, alcanzando 147.&nbsp;<\/p>\n\n\n\n<p>\u201cLa situaci\u00f3n en nuestra regi\u00f3n efectivamente es grave y complicada porque se suma a la crisis sanitaria una crisis econ\u00f3mica que ha golpeado muy fuerte en particular al sector de la industria del turismo, al sector gastron\u00f3mico, al mundo cultural y, adem\u00e1s, hemos visto que la coordinaci\u00f3n entre las distintas autoridades responsables de enfrentar la pandemia no ha estado a la altura que debiera, m\u00e1s all\u00e1 del tremendo esfuerzo que realizan d\u00eda a d\u00eda los trabajadores y trabajadoras de la salud\u201d, se\u00f1ala el diputado por la regi\u00f3n, Gabriel Boric.<\/p>\n\n\n\n<p>En t\u00e9rminos sanitarios, el diputado de Convergencia Social indica que \u201chemos conversado con el ministro de Salud, con el subsecretario Z\u00fa\u00f1iga, la subsecretaria Daza para tratar de colaborar en mejorar las capacidades instaladas en materia de salud de la regi\u00f3n, con equipos que se requieran. Valoramos y agradecemos la llegada de equipos de salud de la ex Posta Central y del Hospital San Borja que vienen a reforzar el personal m\u00e9dico\u201d. Esto por la llegada a la Regi\u00f3n de Magallanes de un grupo de 12 profesionales del Servicio de Salud Metropolitano Central (SSMC), que vienen a ayudar en el combate de la pandemia en Punta Arenas, los que incluyen dos m\u00e9dicos, ocho enfermeras y dos kinesi\u00f3logos, especializados en atenci\u00f3n de pacientes cr\u00edticos; adem\u00e1s de cuatro ventiladores mec\u00e1nicos, para evitar colapsos ante el aumento de contagios de covid-19.<\/p>\n\n\n\n<p>En esta oportunidad, Gabriel Boric destac\u00f3 la labor que se est\u00e1 realizando desde su oficina parlamentaria que ha estado en constante contacto con la comunidad, estando al tanto de las diversas problem\u00e1ticas surgidas por la pandemia, por lo que ha oficiado a diversas entidades p\u00fablicas, adem\u00e1s de contactarse directamente con las autoridades en diferentes gestiones. \u201cCreemos que la cuarentena debe obligadamente venir acompa\u00f1ada de un refuerzo de la fiscalizaci\u00f3n y la trazabilidad de los casos; una mejor coordinaci\u00f3n de las autoridades, y de mejorar las condiciones laborales de las y los funcionarios de salud. Adem\u00e1s, en t\u00e9rminos econ\u00f3micos se requiere un plan econ\u00f3mico potente para la regi\u00f3n que sea sostenible\u201d, explica el parlamentario.<\/p>\n\n\n\n<p>En t\u00e9rminos econ\u00f3micos, los sectores del comercio, gastron\u00f3mico, tur\u00edstico, cultural, transporte, agricultura y pesca artesanal han sido los m\u00e1s afectados por la pandemia, debido a la inactividad por las extensas cuarentenas y la poca ayuda estatal que han recibido para mermar las p\u00e9rdidas. \u201cHemos oficiado tres veces a la Superintendencia de Seguridad Social por problemas en la adjudicaci\u00f3n de cr\u00e9ditos Fogape que no llegan efectiva ni r\u00e1pidamente a microempresarios\u201d, indica el diputado Boric.&nbsp;<\/p>\n\n\n\n<p>\u201cEn la diputaci\u00f3n hemos sido testigos de c\u00f3mo muchas personas no han sido beneficiadas con el Ingreso Familiar de Emergencia o el bono para la clase media, por diferentes motivos, como los problemas que ha presentado el Registro Social de Hogares, o quienes recibieron una canasta de alimentos totalmente insuficiente para enfrentar 5 meses de cuarentena y desempleo. Hemos trabajado gestionando las distintas ayudas disponibles a las personas, como el IFE, el pago de arriendos de grupos vulnerables y pago de boletas de consumo de gas, tanto en nuestra oficina parlamentaria como tambi\u00e9n visitando distintas juntas de vecinos, pero insistimos en que es necesario un mayor esfuerzo por parte del gobierno central y regional\u201d, explica.&nbsp;<\/p>\n\n\n\n<p>Finalmente, el diputado Boric comenta que \u201cestamos trabajando en todas esas l\u00edneas y esperamos poder contribuir a enfrentar este dif\u00edcil momento que estamos viviendo como regi\u00f3n para poder salir adelante juntos\u201d.\n\n<\/p>\n","protected":false},"excerpt":{"rendered":"<p>Este lunes lleg\u00f3 a la regi\u00f3n de Magallanes el diputado Gabriel Boric, junto al ministro de Salud, Enrique Paris, la subsecretaria de Salud P\u00fablica, Paula Daza y el subsecretario de&#8230; <a class=\"read-more\" href=\"https:\/\/www.radiopresidenteibanez.cl\/web\/diputado-gabriel-boric-por-situacion-en-punta-arenas-es-necesario-un-mayor-esfuerzo-por-parte-del-gobierno-central-y-regional-para-superar-esta-crisis\/\">Leer m\u00e1s<\/a><\/p>\n","protected":false},"author":2,"featured_media":14505,"comment_status":"closed","ping_status":"closed","sticky":false,"template":"","format":"standard","meta":{"footnotes":""},"categories":[1],"tags":[],"class_list":["post-14504","post","type-post","status-publish","format-standard","has-post-thumbnail","hentry","category-cronica"],"_links":{"self":[{"href":"https:\/\/www.radiopresidenteibanez.cl\/web\/wp-json\/wp\/v2\/posts\/14504","targetHints":{"allow":["GET"]}}],"collection":[{"href":"https:\/\/www.radiopresidenteibanez.cl\/web\/wp-json\/wp\/v2\/posts"}],"about":[{"href":"https:\/\/www.radiopresidenteibanez.cl\/web\/wp-json\/wp\/v2\/types\/post"}],"author":[{"embeddable":true,"href":"https:\/\/www.radiopresidenteibanez.cl\/web\/wp-json\/wp\/v2\/users\/2"}],"replies":[{"embeddable":true,"href":"https:\/\/www.radiopresidenteibanez.cl\/web\/wp-json\/wp\/v2\/comments?post=14504"}],"version-history":[{"count":0,"href":"https:\/\/www.radiopresidenteibanez.cl\/web\/wp-json\/wp\/v2\/posts\/14504\/revisions"}],"wp:featuredmedia":[{"embeddable":true,"href":"https:\/\/www.radiopresidenteibanez.cl\/web\/wp-json\/wp\/v2\/media\/14505"}],"wp:attachment":[{"href":"https:\/\/www.radiopresidenteibanez.cl\/web\/wp-json\/wp\/v2\/media?parent=14504"}],"wp:term":[{"taxonomy":"category","embeddable":true,"href":"https:\/\/www.radiopresidenteibanez.cl\/web\/wp-json\/wp\/v2\/categories?post=14504"},{"taxonomy":"post_tag","embeddable":true,"href":"https:\/\/www.radiopresidenteibanez.cl\/web\/wp-json\/wp\/v2\/tags?post=14504"}],"curies":[{"name":"wp","href":"https:\/\/api.w.org\/{rel}","templated":true}]}}