{"id":14501,"date":"2020-09-01T22:56:00","date_gmt":"2020-09-01T22:56:00","guid":{"rendered":"https:\/\/www.radiopresidenteibanez.cl\/web\/?p=14501"},"modified":"2020-09-01T22:56:09","modified_gmt":"2020-09-01T22:56:09","slug":"emprendimientos-emergentes-resaltan-en-la-tercera-feria-virtual-de-natales","status":"publish","type":"post","link":"https:\/\/www.radiopresidenteibanez.cl\/web\/emprendimientos-emergentes-resaltan-en-la-tercera-feria-virtual-de-natales\/","title":{"rendered":"EMPRENDIMIENTOS EMERGENTES RESALTAN EN LA TERCERA FERIA VIRTUAL DE NATALES"},"content":{"rendered":"\n<p>La Ilustre Municipalidad de Natales realiz\u00f3 la tercera Feria Virtual de Emprendedores Locales a trav\u00e9s de Facebook live, en su tercera edici\u00f3n la feria se focaliz\u00f3 en servicios de bienestar personal, en donde diferentes emprendedores dieron a conocer los productos y servicios que entregan a la comunidad.<\/p>\n\n\n\n<p>El jefe comunal, Fernando Paredes Mansilla,\nagradeci\u00f3 a los emprendedores y se\u00f1al\u00f3 que \u201cesta es la manera de contribuir\ndesde la perspectiva municipal, colocando estas instancias para que nuestros\nemprendedores se sientan apoyados, as\u00ed que, haciendo un balance, hago un\nbalance muy positivo\u201d.<\/p>\n\n\n\n<p>La feria virtual cont\u00f3 con pymes de medicina tradicional China, boutique de\nflores, equinoterapia, barras de Access, lavado de veh\u00edculos, barber\u00edas,\nmasajes, aromaterapia y reiki. <\/p>\n\n\n\n<p>Asimismo, el edil de Natales, aprovech\u00f3 la instancia para invitar a los\nemprendedores a participar de la pr\u00f3xima feria de virtual. \u201cVamos a hacer una\nferia online de la chilenidad el pr\u00f3ximo 12 de septiembre, la idea es ese d\u00eda\nconcentrar a nuestros emprendedores con el formato de la chilenidad y que puedan\nofrecer sus productos, y de esa manera desde el punto de vista de Fomento Productivo\nnosotros como Municipalidad estar apoyando a nuestros emprendedores\u201d.<\/p>\n\n\n\n<p>El evento anunciado por el alcalde de Natales se realizar\u00e1 el s\u00e1bado 12 de septiembre a las 14:00 hrs mediante las plataformas virtuales de la municipalidad. Los emprendedores interesados se pueden contactar con la Unidad de Fomento Productivo al 612209540 o al correo <a href=\"mailto:fomentoproductivo@muninatales.cl\">fomentoproductivo@muninatales.cl<\/a>. <\/p>\n\n\n\n<p>Como en las versiones anteriores, la feria fue moderada por otra\nemprendedora natalina, Pamela Ojeda, quien es presidenta de la Agrupaci\u00f3n de\nEmprendedoras Natalinas \u201cMujeres Patagonas\u201d, Ojeda estuvo interactuando con los\nlocatarios para mostrar sus trabajos y equipamientos a todo Puerto Natales\nmediante el fanpage municipal.<\/p>\n","protected":false},"excerpt":{"rendered":"<p>La Ilustre Municipalidad de Natales realiz\u00f3 la tercera Feria Virtual de Emprendedores Locales a trav\u00e9s de Facebook live, en su tercera edici\u00f3n la feria se focaliz\u00f3 en servicios de bienestar&#8230; <a class=\"read-more\" href=\"https:\/\/www.radiopresidenteibanez.cl\/web\/emprendimientos-emergentes-resaltan-en-la-tercera-feria-virtual-de-natales\/\">Leer m\u00e1s<\/a><\/p>\n","protected":false},"author":2,"featured_media":14502,"comment_status":"closed","ping_status":"closed","sticky":false,"template":"","format":"standard","meta":{"footnotes":""},"categories":[1],"tags":[],"class_list":["post-14501","post","type-post","status-publish","format-standard","has-post-thumbnail","hentry","category-cronica"],"_links":{"self":[{"href":"https:\/\/www.radiopresidenteibanez.cl\/web\/wp-json\/wp\/v2\/posts\/14501","targetHints":{"allow":["GET"]}}],"collection":[{"href":"https:\/\/www.radiopresidenteibanez.cl\/web\/wp-json\/wp\/v2\/posts"}],"about":[{"href":"https:\/\/www.radiopresidenteibanez.cl\/web\/wp-json\/wp\/v2\/types\/post"}],"author":[{"embeddable":true,"href":"https:\/\/www.radiopresidenteibanez.cl\/web\/wp-json\/wp\/v2\/users\/2"}],"replies":[{"embeddable":true,"href":"https:\/\/www.radiopresidenteibanez.cl\/web\/wp-json\/wp\/v2\/comments?post=14501"}],"version-history":[{"count":0,"href":"https:\/\/www.radiopresidenteibanez.cl\/web\/wp-json\/wp\/v2\/posts\/14501\/revisions"}],"wp:featuredmedia":[{"embeddable":true,"href":"https:\/\/www.radiopresidenteibanez.cl\/web\/wp-json\/wp\/v2\/media\/14502"}],"wp:attachment":[{"href":"https:\/\/www.radiopresidenteibanez.cl\/web\/wp-json\/wp\/v2\/media?parent=14501"}],"wp:term":[{"taxonomy":"category","embeddable":true,"href":"https:\/\/www.radiopresidenteibanez.cl\/web\/wp-json\/wp\/v2\/categories?post=14501"},{"taxonomy":"post_tag","embeddable":true,"href":"https:\/\/www.radiopresidenteibanez.cl\/web\/wp-json\/wp\/v2\/tags?post=14501"}],"curies":[{"name":"wp","href":"https:\/\/api.w.org\/{rel}","templated":true}]}}