{"id":14498,"date":"2020-09-01T22:53:38","date_gmt":"2020-09-01T22:53:38","guid":{"rendered":"https:\/\/www.radiopresidenteibanez.cl\/web\/?p=14498"},"modified":"2020-09-01T22:53:44","modified_gmt":"2020-09-01T22:53:44","slug":"rodrigo-parraguez-asume-la-gerencia-general-de-edelmag","status":"publish","type":"post","link":"https:\/\/www.radiopresidenteibanez.cl\/web\/rodrigo-parraguez-asume-la-gerencia-general-de-edelmag\/","title":{"rendered":"RODRIGO PARRAGUEZ ASUME LA GERENCIA GENERAL DE EDELMAG"},"content":{"rendered":"\n<p>EDELMAG\ninforma que don Carlos Y\u00e1\u00f1ez Antonucci, present\u00f3 su renuncia voluntaria al\ncargo de Gerente General, despu\u00e9s de 22 de a\u00f1os de servicio en la empresa, la que\nse har\u00e1 efectiva a partir de este 1 de septiembre. <\/p>\n\n\n\n<p>Durante su\nperiodo en la direcci\u00f3n de EDELMAG, se ejecutaron diversos proyectos de\nincorporaci\u00f3n de unidades generadoras en las distintas centrales, como tambi\u00e9n\nde mejoramiento de las instalaciones, sumando tecnolog\u00edas que permiten el\nmonitoreo y operaci\u00f3n de los sistemas de distribuci\u00f3n. Adem\u00e1s, se incorporaron\na la administraci\u00f3n de la empresa las localidades de Puerto Williams y Cerro\nCastillo.<\/p>\n\n\n\n<p>A partir\nde esta misma fecha asume don Rodrigo Parraguez C\u00f3rdova, Ingeniero Comercial\ncon menci\u00f3n en Finanzas de la Universidad Cat\u00f3lica del Norte y MBA de la\nPontificia Universidad Cat\u00f3lica de Chile. Desde al a\u00f1o 1997, su trayectoria\nprofesional ha estado ligada a empresas de energ\u00eda ocupando varios cargos de\nresponsabilidad.<\/p>\n\n\n\n<p>El ejecutivo indic\u00f3 que dentro\nde sus prioridades se encuentran el conocer la regi\u00f3n y las particularidades\nque presentan cada uno de los sistemas el\u00e9ctricos, algo que por ahora deber\u00e1\nser a trav\u00e9s de reuniones con los equipos de trabajo y hasta que la evoluci\u00f3n\nde la pandemia permita el traslado a terreno para conocer las instalaciones y el\nservicio que se entrega en Punta Arenas, Puerto Natales, Porvenir, Puerto\nWilliams y Cerro Castillo.<\/p>\n\n\n\n<p>\u201cExisten varios proyectos\nrelevantes que se encuentran en la etapa de desarrollo, y uno de los objetivos\nes continuar trabajando con los equipos para que finalicen de manera exitosa\ntal como estaba planeado pues estas iniciativas est\u00e1n directamente relacionadas\nal progreso de la regi\u00f3n y al mantenimiento de los altos est\u00e1ndares de\ncontinuidad y seguridad del servicio, y siempre en consideraci\u00f3n al cumplimiento\nde los protocolos sanitarios\u201d, explic\u00f3 Parraguez.<\/p>\n","protected":false},"excerpt":{"rendered":"<p>EDELMAG informa que don Carlos Y\u00e1\u00f1ez Antonucci, present\u00f3 su renuncia voluntaria al cargo de Gerente General, despu\u00e9s de 22 de a\u00f1os de servicio en la empresa, la que se har\u00e1&#8230; <a class=\"read-more\" href=\"https:\/\/www.radiopresidenteibanez.cl\/web\/rodrigo-parraguez-asume-la-gerencia-general-de-edelmag\/\">Leer m\u00e1s<\/a><\/p>\n","protected":false},"author":2,"featured_media":14499,"comment_status":"closed","ping_status":"closed","sticky":false,"template":"","format":"standard","meta":{"footnotes":""},"categories":[1],"tags":[],"class_list":["post-14498","post","type-post","status-publish","format-standard","has-post-thumbnail","hentry","category-cronica"],"_links":{"self":[{"href":"https:\/\/www.radiopresidenteibanez.cl\/web\/wp-json\/wp\/v2\/posts\/14498","targetHints":{"allow":["GET"]}}],"collection":[{"href":"https:\/\/www.radiopresidenteibanez.cl\/web\/wp-json\/wp\/v2\/posts"}],"about":[{"href":"https:\/\/www.radiopresidenteibanez.cl\/web\/wp-json\/wp\/v2\/types\/post"}],"author":[{"embeddable":true,"href":"https:\/\/www.radiopresidenteibanez.cl\/web\/wp-json\/wp\/v2\/users\/2"}],"replies":[{"embeddable":true,"href":"https:\/\/www.radiopresidenteibanez.cl\/web\/wp-json\/wp\/v2\/comments?post=14498"}],"version-history":[{"count":0,"href":"https:\/\/www.radiopresidenteibanez.cl\/web\/wp-json\/wp\/v2\/posts\/14498\/revisions"}],"wp:featuredmedia":[{"embeddable":true,"href":"https:\/\/www.radiopresidenteibanez.cl\/web\/wp-json\/wp\/v2\/media\/14499"}],"wp:attachment":[{"href":"https:\/\/www.radiopresidenteibanez.cl\/web\/wp-json\/wp\/v2\/media?parent=14498"}],"wp:term":[{"taxonomy":"category","embeddable":true,"href":"https:\/\/www.radiopresidenteibanez.cl\/web\/wp-json\/wp\/v2\/categories?post=14498"},{"taxonomy":"post_tag","embeddable":true,"href":"https:\/\/www.radiopresidenteibanez.cl\/web\/wp-json\/wp\/v2\/tags?post=14498"}],"curies":[{"name":"wp","href":"https:\/\/api.w.org\/{rel}","templated":true}]}}