{"id":14496,"date":"2020-09-01T22:50:43","date_gmt":"2020-09-01T22:50:43","guid":{"rendered":"https:\/\/www.radiopresidenteibanez.cl\/web\/?p=14496"},"modified":"2020-09-01T22:50:50","modified_gmt":"2020-09-01T22:50:50","slug":"declaracion-publica-del-core-magallanes-ante-visita-del-ministro-de-salud-y-subsecretarios-a-la-region","status":"publish","type":"post","link":"https:\/\/www.radiopresidenteibanez.cl\/web\/declaracion-publica-del-core-magallanes-ante-visita-del-ministro-de-salud-y-subsecretarios-a-la-region\/","title":{"rendered":"DECLARACI\u00d3N P\u00daBLICA DEL CORE MAGALLANES ANTE VISITA DEL MINISTRO DE SALUD Y SUBSECRETARIOS A LA REGI\u00d3N"},"content":{"rendered":"\n<p>Sr Ministro de Salud, Enrique\nParis y subsecretarios: <\/p>\n\n\n\n<p>Como Consejo Regional de\nMagallanes y de la Ant\u00e1rtica Chilena, lamentamos que en esta visita no estemos\nconsiderados en su agenda ya que somos elegidos como representantes de la\nciudadan\u00eda y si bien cada uno de nosotros tiene distintas visiones y \u00e9nfasis sobre\nel desarrollo regional, en lo que siempre hemos estado de acuerdo es en\nfinanciar una mejor Salud para los habitantes de la regi\u00f3n. <\/p>\n\n\n\n<p>Desde hace muchos a\u00f1os, el aporte\nde los Fondos Regionales destinado al \u00e1rea de la Salud representa el 50% de la\ninversi\u00f3n efectuada, considerando desde la infraestructura hasta el\nequipamiento y la formaci\u00f3n de recursos humanos. <\/p>\n\n\n\n<p>En esta pandemia fuimos los\nprimeros en el pa\u00eds, en transferir recursos para las diversas tareas a\ndesarrollar en Salud y sin esos fondos, otra habr\u00eda sido la historia. &nbsp;Hemos aprobado recursos para optimizar y\nmejorar el trabajo de&nbsp; los diversos\nlaboratorios, todo con sentido de urgencia. El aporte es mucho m\u00e1s de lo que\notras regiones han entregado.<\/p>\n\n\n\n<p>Asimismo planteamos abiertamente a\nsus representantes en la regi\u00f3n, las diversas necesidades y medidas que se\nrequer\u00edan para obtener mejores resultados en las tareas que estaban por\ndesarrollarse, sin embargo todo sigue a\u00fan pendiente. &nbsp;Ello lo hacemos por la representaci\u00f3n que nos\navala y el diario convivir con las necesidades de las personas que habitan este\nterritorio.<\/p>\n\n\n\n<p>Sabemos que puede ser molesto\nescuchar demandas, opiniones o emplazamientos pero esa es justamente nuestra\nlabor. No es partidista ni sectaria sino lo que la ciudadan\u00eda pide y urge. Lamentamos\nque una vez m\u00e1s no quieran reunirse con el consejo, quiz\u00e1 no es grato\nescucharnos pero es un ejercicio m\u00ednimo de democracia.&nbsp; <\/p>\n\n\n\n<p>Sus autoridades locales han elegido\nese camino y terminaron errando el trabajo por la regi\u00f3n y son un triste\nrecuerdo. Tenemos una visi\u00f3n de desarrollo y tareas urgentes por hacer y pronto\nlas haremos p\u00fablicas ya que quienes tienen que escucharnos prefieren reunirse a\npuertas cerradas. <\/p>\n\n\n\n<p>Es necesario escuchar a quienes\nrepresentan a la ciudadan\u00eda y considerar su visi\u00f3n de lo que sucede, sin ese\nintercambio lo que se hace estar\u00e1 incompleto. Nosotros seguiremos levantando la\nvoz cuando sea necesario, es nuestra tarea, nos eligieron y trabajamos por eso.<\/p>\n","protected":false},"excerpt":{"rendered":"<p>Sr Ministro de Salud, Enrique Paris y subsecretarios: Como Consejo Regional de Magallanes y de la Ant\u00e1rtica Chilena, lamentamos que en esta visita no estemos considerados en su agenda ya&#8230; <a class=\"read-more\" href=\"https:\/\/www.radiopresidenteibanez.cl\/web\/declaracion-publica-del-core-magallanes-ante-visita-del-ministro-de-salud-y-subsecretarios-a-la-region\/\">Leer m\u00e1s<\/a><\/p>\n","protected":false},"author":2,"featured_media":5743,"comment_status":"closed","ping_status":"closed","sticky":false,"template":"","format":"standard","meta":{"footnotes":""},"categories":[1],"tags":[],"class_list":["post-14496","post","type-post","status-publish","format-standard","has-post-thumbnail","hentry","category-cronica"],"_links":{"self":[{"href":"https:\/\/www.radiopresidenteibanez.cl\/web\/wp-json\/wp\/v2\/posts\/14496","targetHints":{"allow":["GET"]}}],"collection":[{"href":"https:\/\/www.radiopresidenteibanez.cl\/web\/wp-json\/wp\/v2\/posts"}],"about":[{"href":"https:\/\/www.radiopresidenteibanez.cl\/web\/wp-json\/wp\/v2\/types\/post"}],"author":[{"embeddable":true,"href":"https:\/\/www.radiopresidenteibanez.cl\/web\/wp-json\/wp\/v2\/users\/2"}],"replies":[{"embeddable":true,"href":"https:\/\/www.radiopresidenteibanez.cl\/web\/wp-json\/wp\/v2\/comments?post=14496"}],"version-history":[{"count":0,"href":"https:\/\/www.radiopresidenteibanez.cl\/web\/wp-json\/wp\/v2\/posts\/14496\/revisions"}],"wp:featuredmedia":[{"embeddable":true,"href":"https:\/\/www.radiopresidenteibanez.cl\/web\/wp-json\/wp\/v2\/media\/5743"}],"wp:attachment":[{"href":"https:\/\/www.radiopresidenteibanez.cl\/web\/wp-json\/wp\/v2\/media?parent=14496"}],"wp:term":[{"taxonomy":"category","embeddable":true,"href":"https:\/\/www.radiopresidenteibanez.cl\/web\/wp-json\/wp\/v2\/categories?post=14496"},{"taxonomy":"post_tag","embeddable":true,"href":"https:\/\/www.radiopresidenteibanez.cl\/web\/wp-json\/wp\/v2\/tags?post=14496"}],"curies":[{"name":"wp","href":"https:\/\/api.w.org\/{rel}","templated":true}]}}