{"id":14494,"date":"2020-09-01T22:48:53","date_gmt":"2020-09-01T22:48:53","guid":{"rendered":"https:\/\/www.radiopresidenteibanez.cl\/web\/?p=14494"},"modified":"2020-09-01T22:48:59","modified_gmt":"2020-09-01T22:48:59","slug":"aca-hay-responsabilidades-que-no-han-sido-asumidas-por-las-autoridades-correspondientes-arturo-diaz-concejal-de-punta-arenas","status":"publish","type":"post","link":"https:\/\/www.radiopresidenteibanez.cl\/web\/aca-hay-responsabilidades-que-no-han-sido-asumidas-por-las-autoridades-correspondientes-arturo-diaz-concejal-de-punta-arenas\/","title":{"rendered":"\u201cAC\u00c1 HAY RESPONSABILIDADES QUE NO HAN SIDO ASUMIDAS POR LAS AUTORIDADES CORRESPONDIENTES\u201d ARTURO D\u00cdAZ, CONCEJAL DE PUNTA ARENAS"},"content":{"rendered":"\n<p>El d\u00eda domingo reci\u00e9n pasado la\ncomunidad magall\u00e1nica despert\u00f3 impactada al conocer la noticia de que en horas\nde la madrugada una t\u00e9cnico param\u00e9dico hab\u00eda sido violada mientras cumpl\u00eda con\nsus funciones laborales en una residencia sanitaria destinada a proporcionar\nalbergue transitorio a pacientes COVID positivos, la indignaci\u00f3n creci\u00f3 con el\npasar de las horas cuando trascendi\u00f3 que los culpables eran dos hombres de\nnacionalidad indonesia que hab\u00edan sido desembarcados para realizar su\ncuarentena en dicho recinto. <\/p>\n\n\n\n<p>Durante el d\u00eda, una vez conocida la\nnoticia, el Intendente regional y el ministro de salud fueron enf\u00e1ticos en\nse\u00f1alar que se implementar\u00edan todos los recursos judiciales a su alcance para\nque sobre los agresores cayera todo el peso de la ley.<\/p>\n\n\n\n<p><br>\nAl respecto el concejal D\u00edaz\nmanifest\u00f3 \u201c Durante estos d\u00edas he tenido la oportunidad de conversar muchas\npersonas que trabajan en las residencias sanitarias, en condiciones de\nprecariedad laboral, con contratos temporales o a honorarios y son enf\u00e1ticas en\nse\u00f1alar que hace meses llevaban pidiendo la implementaci\u00f3n de medidas de\nseguridad en el entendido de que en la mayor\u00eda de las residencias quedaba en\nlas noches solamente una persona a cargo de todos los pacientes y ya hab\u00edan\nvivido situaciones de riesgo teniendo que acudir carabineros en m\u00e1s de una\noportunidad\u201d.<\/p>\n\n\n\n<p>En relaci\u00f3n a las eventuales\nresponsabilidades expres\u00f3 \u201cAqu\u00ed es inentendible que las autoridades\npertinentes, estando al tanto de las condiciones de inseguridad existentes, no\nhayan tomado las medidas de protecci\u00f3n para el personal que trabaja en las\nresidencias teniendo que llegar a esta situaci\u00f3n extrema para que se dignaran a\ntomar medidas. El hecho de que en pocas horas se haya podido doblar la cantidad\nde personal de turno, redistribuir pacientes y poner personal de las FFAA para\nresguardar a los y las trabajadoras solo demuestra que se estas acciones se\npodr\u00edan tomados con anterioridad, cuando fueron solicitadas y no despu\u00e9s de los\natroces hechos conocidos.<\/p>\n\n\n\n<p>\u201cHemos escuchado al Intendente y al\nministro de salud decir que solicitaran que se aplique el m\u00e1ximo rigor de la\nley a los violadores, pero como autoridades no ha existido un mea culpa\nreferente a lo sucedido. Este hecho, independientemente de lo que pase con la\nv\u00eda judicial, debe ser investigado al interior de los organismos de salud\ncorrespondientes para que las personas que con su actuar negligente propiciaron\nlo sucedido sean sancionadas y este tipo de hechos nunca m\u00e1s se vuelvan a\nrepetir\u201d finaliz\u00f3 diciendo.<\/p>\n","protected":false},"excerpt":{"rendered":"<p>El d\u00eda domingo reci\u00e9n pasado la comunidad magall\u00e1nica despert\u00f3 impactada al conocer la noticia de que en horas de la madrugada una t\u00e9cnico param\u00e9dico hab\u00eda sido violada mientras cumpl\u00eda con&#8230; <a class=\"read-more\" href=\"https:\/\/www.radiopresidenteibanez.cl\/web\/aca-hay-responsabilidades-que-no-han-sido-asumidas-por-las-autoridades-correspondientes-arturo-diaz-concejal-de-punta-arenas\/\">Leer m\u00e1s<\/a><\/p>\n","protected":false},"author":2,"featured_media":14169,"comment_status":"closed","ping_status":"closed","sticky":false,"template":"","format":"standard","meta":{"footnotes":""},"categories":[1],"tags":[],"class_list":["post-14494","post","type-post","status-publish","format-standard","has-post-thumbnail","hentry","category-cronica"],"_links":{"self":[{"href":"https:\/\/www.radiopresidenteibanez.cl\/web\/wp-json\/wp\/v2\/posts\/14494","targetHints":{"allow":["GET"]}}],"collection":[{"href":"https:\/\/www.radiopresidenteibanez.cl\/web\/wp-json\/wp\/v2\/posts"}],"about":[{"href":"https:\/\/www.radiopresidenteibanez.cl\/web\/wp-json\/wp\/v2\/types\/post"}],"author":[{"embeddable":true,"href":"https:\/\/www.radiopresidenteibanez.cl\/web\/wp-json\/wp\/v2\/users\/2"}],"replies":[{"embeddable":true,"href":"https:\/\/www.radiopresidenteibanez.cl\/web\/wp-json\/wp\/v2\/comments?post=14494"}],"version-history":[{"count":0,"href":"https:\/\/www.radiopresidenteibanez.cl\/web\/wp-json\/wp\/v2\/posts\/14494\/revisions"}],"wp:featuredmedia":[{"embeddable":true,"href":"https:\/\/www.radiopresidenteibanez.cl\/web\/wp-json\/wp\/v2\/media\/14169"}],"wp:attachment":[{"href":"https:\/\/www.radiopresidenteibanez.cl\/web\/wp-json\/wp\/v2\/media?parent=14494"}],"wp:term":[{"taxonomy":"category","embeddable":true,"href":"https:\/\/www.radiopresidenteibanez.cl\/web\/wp-json\/wp\/v2\/categories?post=14494"},{"taxonomy":"post_tag","embeddable":true,"href":"https:\/\/www.radiopresidenteibanez.cl\/web\/wp-json\/wp\/v2\/tags?post=14494"}],"curies":[{"name":"wp","href":"https:\/\/api.w.org\/{rel}","templated":true}]}}