{"id":1449,"date":"2019-02-14T19:18:39","date_gmt":"2019-02-14T19:18:39","guid":{"rendered":"http:\/\/www.radiopresidenteibanez.cl\/web\/?p=1449"},"modified":"2019-02-14T19:18:53","modified_gmt":"2019-02-14T19:18:53","slug":"tres-por-uno-la-derecha-no-cree-en-magallanes-a-proposito-del-cambio-de-intendente","status":"publish","type":"post","link":"https:\/\/www.radiopresidenteibanez.cl\/web\/tres-por-uno-la-derecha-no-cree-en-magallanes-a-proposito-del-cambio-de-intendente\/","title":{"rendered":"\u201cTRES POR UNO. LA DERECHA NO CREE EN MAGALLANES\u201d A PROP\u00d3SITO DEL CAMBIO DE INTENDENTE"},"content":{"rendered":"\n<p>A&nbsp;menos de un a\u00f1o de gesti\u00f3n del&nbsp;gobierno de derecha,&nbsp;somos testigos del desinter\u00e9s e ineptidud de la administraci\u00f3n de Sebasti\u00e1n Pi\u00f1era&nbsp;para&nbsp;con el pueblo de Magallanes.&nbsp;Con tres&nbsp;cambios de Intendentes&nbsp;antes de cumplir un a\u00f1o, este&nbsp;juego de las sillas musicales&nbsp;expresa la inexistencia de proyectos de desarrollo&nbsp;para&nbsp;la regi\u00f3n&nbsp;por parte del gobierno actual.<\/p>\n\n\n\n<p>La farsa del publicitado Plan Magallanes no posee m\u00e1s que titulares sin contenido, mientras&nbsp;tanto&nbsp;la derecha esconde y olvida el Plan&nbsp;Especial&nbsp;de Desarrollo de Zonas Extremas, el m\u00e1s ambicioso&nbsp;despliegue&nbsp;de inversi\u00f3n p\u00fablica de los \u00faltimos 40 a\u00f1os en la zona.<\/p>\n\n\n\n<p>Al margen&nbsp;de los nombres y los nombramientos de autoridades,&nbsp;el problema de la derecha es de fondo,&nbsp;al no entender que Magallanes y su pueblo como zona extrema dependen&nbsp;de&nbsp;la mirada estrat\u00e9gica del&nbsp;Estado.&nbsp;Pero la derecha no cree en el Estado sino para resguardar e imponer sus propios intereses,&nbsp;que siempre van en desmedro de las y los trabajadores. Somos testigos de la presunta reforma laboral que no har\u00e1 otra cosa que reducir la indemnizaci\u00f3n por a\u00f1os de servicio a los trabajadores, con el supuesto objetivo de mejorar la empleabilidad.<\/p>\n\n\n\n<p>\u00a1Magall\u00e1nicas y magall\u00e1nicos,&nbsp;esto es la derecha!&nbsp;:&nbsp;los tiempos mejores para los empresarios. Reiteradamente es la derecha la que&nbsp;lleva a la&nbsp;quiebra los municipios. Es la derecha&nbsp;la que&nbsp;impone mentiras como verdades, articulando rebuscadas maniobras comunicacionales para convencer que defienden la \u201clibertad de elegir\u201d de los trabajadores. Es la derecha&nbsp;la&nbsp;que&nbsp;apoya el golpismo&nbsp;y promueve la intervenci\u00f3n extranjera&nbsp;en un pa\u00eds hermano como Venezuela, y son&nbsp;los mismos que&nbsp;desatan larepresi\u00f3n&nbsp;contra el pueblo Mapuche.&nbsp;Son&nbsp;la derecha y Sebasti\u00e1n Pi\u00f1era,&nbsp;quienes&nbsp;no creen en las regiones y menos en Magallanes.&nbsp;&nbsp;<\/p>\n\n\n\n<p>Los comunistas responderemos como siempre a la intolerancia, a la violencia, a la ignorancia y desinter\u00e9s del gobierno por nuestra regi\u00f3n,&nbsp;con la convicci\u00f3n que otra sociedad es posible y necesaria para nuestro pa\u00eds,&nbsp;cimentada&nbsp;en los intereses de las y los trabajadores.&nbsp;<\/p>\n\n\n\n<p><strong>PARTIDO COMUNISTA DE CHILE<\/strong><strong><\/strong><\/p>\n\n\n\n<p><strong>REGIONAL MAGALLANES<\/strong><strong><\/strong><\/p>\n","protected":false},"excerpt":{"rendered":"<p>A&nbsp;menos de un a\u00f1o de gesti\u00f3n del&nbsp;gobierno de derecha,&nbsp;somos testigos del desinter\u00e9s e ineptidud de la administraci\u00f3n de Sebasti\u00e1n Pi\u00f1era&nbsp;para&nbsp;con el pueblo de Magallanes.&nbsp;Con tres&nbsp;cambios de Intendentes&nbsp;antes de cumplir un&#8230; <a class=\"read-more\" href=\"https:\/\/www.radiopresidenteibanez.cl\/web\/tres-por-uno-la-derecha-no-cree-en-magallanes-a-proposito-del-cambio-de-intendente\/\">Leer m\u00e1s<\/a><\/p>\n","protected":false},"author":2,"featured_media":1450,"comment_status":"closed","ping_status":"closed","sticky":false,"template":"","format":"standard","meta":{"footnotes":""},"categories":[5],"tags":[],"class_list":["post-1449","post","type-post","status-publish","format-standard","has-post-thumbnail","hentry","category-politica"],"_links":{"self":[{"href":"https:\/\/www.radiopresidenteibanez.cl\/web\/wp-json\/wp\/v2\/posts\/1449","targetHints":{"allow":["GET"]}}],"collection":[{"href":"https:\/\/www.radiopresidenteibanez.cl\/web\/wp-json\/wp\/v2\/posts"}],"about":[{"href":"https:\/\/www.radiopresidenteibanez.cl\/web\/wp-json\/wp\/v2\/types\/post"}],"author":[{"embeddable":true,"href":"https:\/\/www.radiopresidenteibanez.cl\/web\/wp-json\/wp\/v2\/users\/2"}],"replies":[{"embeddable":true,"href":"https:\/\/www.radiopresidenteibanez.cl\/web\/wp-json\/wp\/v2\/comments?post=1449"}],"version-history":[{"count":0,"href":"https:\/\/www.radiopresidenteibanez.cl\/web\/wp-json\/wp\/v2\/posts\/1449\/revisions"}],"wp:featuredmedia":[{"embeddable":true,"href":"https:\/\/www.radiopresidenteibanez.cl\/web\/wp-json\/wp\/v2\/media\/1450"}],"wp:attachment":[{"href":"https:\/\/www.radiopresidenteibanez.cl\/web\/wp-json\/wp\/v2\/media?parent=1449"}],"wp:term":[{"taxonomy":"category","embeddable":true,"href":"https:\/\/www.radiopresidenteibanez.cl\/web\/wp-json\/wp\/v2\/categories?post=1449"},{"taxonomy":"post_tag","embeddable":true,"href":"https:\/\/www.radiopresidenteibanez.cl\/web\/wp-json\/wp\/v2\/tags?post=1449"}],"curies":[{"name":"wp","href":"https:\/\/api.w.org\/{rel}","templated":true}]}}