{"id":14488,"date":"2020-08-29T15:51:00","date_gmt":"2020-08-29T15:51:00","guid":{"rendered":"https:\/\/www.radiopresidenteibanez.cl\/web\/?p=14488"},"modified":"2020-08-31T15:53:54","modified_gmt":"2020-08-31T15:53:54","slug":"prodemu-magallanes-contribuye-al-proceso-de-empoderamiento-de-las-mujeres-trabajando-en-la-inclusion-digital","status":"publish","type":"post","link":"https:\/\/www.radiopresidenteibanez.cl\/web\/prodemu-magallanes-contribuye-al-proceso-de-empoderamiento-de-las-mujeres-trabajando-en-la-inclusion-digital\/","title":{"rendered":"PRODEMU MAGALLANES CONTRIBUYE AL PROCESO DE EMPODERAMIENTO DE LAS MUJERES TRABAJANDO EN LA INCLUSI\u00d3N DIGITAL"},"content":{"rendered":"\n<p>Las mujeres y especialmente las adultas mayores son las m\u00e1s\nexcluidas en cuanto a acceso y uso de las tecnolog\u00edas de la informaci\u00f3n y\ncomunicaci\u00f3n, sin embargo, los cambios en la sociedad requieren que las\npersonas est\u00e9n al d\u00eda en cuanto a este conocimiento.<\/p>\n\n\n\n<p>Para PRODEMU es muy necesario desplegar iniciativas\nprogram\u00e1ticas que contribuyan a superar la brecha digital, para que las mujeres\nm\u00e1s vulnerables formen parte de un mundo \u201cconectado\u201d, en que la inclusi\u00f3n\ndigital constituye una ventaja competitiva y clave en materia de integraci\u00f3n y\nde empoderamiento de la mujer, contribuyendo significativamente a su bienestar,\nespecialmente, en tiempos de pandemia, en que la conectividad pasa a ser la\nforma de comunicaci\u00f3n entre las personas.<\/p>\n\n\n\n<p>La directora regional de PRODEMU Magallanes, Gabriela S\u00e1nchez\nCa\u00f1ete, explica que a trav\u00e9s de la Ruta de Empoderamiento Digital se busca\ncontribuir al proceso de empoderamiento y desarrollo personal de las mujeres,\nmediante la adquisici\u00f3n de herramientas digitales b\u00e1sicas e intermedias en usos\necon\u00f3micos y sociales, con enfoque de g\u00e9nero.&nbsp;\n<\/p>\n\n\n\n<p>\u201cCreemos que es importante que las mujeres avancen en una\nmayor autonom\u00eda. Realizamos capacitaciones para mujeres desde los 60 a\u00f1os en\nherramientas digitales para usos comunicacionales y sociales; y otras para mujeres\nde 30 a 59 a\u00f1os enfocadas en usos econ\u00f3micos y sociales para el empleo dependiente\ny para el emprendimiento. Sin duda estas instancias fueron relevantes y las\nayudaron a familiarizarse con la tecnolog\u00eda digital\u201d, se\u00f1al\u00f3 la directora\nregional. <\/p>\n\n\n\n<p><strong>Celular con\nconectividad gratis<\/strong><\/p>\n\n\n\n<p>Esta iniciativa impulsada por la Primera Dama, Cecilia Morel\nMontes, presidenta de la Red de Fundaciones de la Presidencia y por PRODEMU a\ntrav\u00e9s de su directora Nacional Paola Diez Berliner, no solo consider\u00f3 el\nproceso formativo, sino que, adem\u00e1s, las 82 mujeres participantes de las provincias\nde Magallanes, \u00daltima Esperanza y Tierra del Fuego, recibieron un celular con\nconectividad gratuita por 18 meses, el que tras ese periodo pasar\u00e1 a ser de\nellas.<\/p>\n\n\n\n<p>A sus 80 a\u00f1os, Antonia Campos, de la provincia de Magallanes\nparticip\u00f3 en la capacitaci\u00f3n y recibi\u00f3 el Smartphone que hoy, por ejemplo, le\npermite conectarse a trav\u00e9s de videollamada con su hijo que vive en Valdivia. <\/p>\n\n\n\n<p>\u201cAntes, conversaba con mi hijo solo por tel\u00e9fono, pero ahora\nlo veo y eso ha sido muy importante en este tiempo de pandemia. La verdad es\nque este tel\u00e9fono me cambi\u00f3 la vida, porque puedo ver tantas cosas que en mi\ntel\u00e9fono viejito no pod\u00eda. En la capacitaci\u00f3n aprend\u00ed virtualmente a usar el\nequipo, y con el tiempo uno va conociendo m\u00e1s sobre el uso que uno puede darle\nal tel\u00e9fono. Agradezco a PRODEMU que nos haya invitado a participar y que nos\notorguen este elemento de comunicaci\u00f3n\u201d, manifest\u00f3 Campos.<\/p>\n\n\n\n<p>En la provincia de \u00daltima Esperanza, Karinna Dumenez, fue una\nde las participantes de Puerto Natales en el curso de herramientas digitales\npara el emprendimiento. <\/p>\n\n\n\n<p>\u201cEstoy s\u00faper contenta y agradecida de PRODEMU por el apoyo\nfundamental que nos entregaron, la paciencia, la dedicaci\u00f3n y la amabilidad al\nense\u00f1arnos. Mi experiencia fue motivadora, aprend\u00ed mucho, la tecnolog\u00eda es muy\nimportante en estos tiempos, nos ayuda a crecer, a aumentar nuestras ventas y\nes muy relevante saberla manejar. Como mujeres siempre buscamos un medio para\naportar en nuestras casas, por eso este tipo de instancia de aprendizaje nos\nhace crecer como personas y como mujeres\u201d, enfatiz\u00f3 Dumenez.<\/p>\n","protected":false},"excerpt":{"rendered":"<p>Las mujeres y especialmente las adultas mayores son las m\u00e1s excluidas en cuanto a acceso y uso de las tecnolog\u00edas de la informaci\u00f3n y comunicaci\u00f3n, sin embargo, los cambios en&#8230; <a class=\"read-more\" href=\"https:\/\/www.radiopresidenteibanez.cl\/web\/prodemu-magallanes-contribuye-al-proceso-de-empoderamiento-de-las-mujeres-trabajando-en-la-inclusion-digital\/\">Leer m\u00e1s<\/a><\/p>\n","protected":false},"author":2,"featured_media":14489,"comment_status":"closed","ping_status":"closed","sticky":false,"template":"","format":"standard","meta":{"footnotes":""},"categories":[1],"tags":[],"class_list":["post-14488","post","type-post","status-publish","format-standard","has-post-thumbnail","hentry","category-cronica"],"_links":{"self":[{"href":"https:\/\/www.radiopresidenteibanez.cl\/web\/wp-json\/wp\/v2\/posts\/14488","targetHints":{"allow":["GET"]}}],"collection":[{"href":"https:\/\/www.radiopresidenteibanez.cl\/web\/wp-json\/wp\/v2\/posts"}],"about":[{"href":"https:\/\/www.radiopresidenteibanez.cl\/web\/wp-json\/wp\/v2\/types\/post"}],"author":[{"embeddable":true,"href":"https:\/\/www.radiopresidenteibanez.cl\/web\/wp-json\/wp\/v2\/users\/2"}],"replies":[{"embeddable":true,"href":"https:\/\/www.radiopresidenteibanez.cl\/web\/wp-json\/wp\/v2\/comments?post=14488"}],"version-history":[{"count":0,"href":"https:\/\/www.radiopresidenteibanez.cl\/web\/wp-json\/wp\/v2\/posts\/14488\/revisions"}],"wp:featuredmedia":[{"embeddable":true,"href":"https:\/\/www.radiopresidenteibanez.cl\/web\/wp-json\/wp\/v2\/media\/14489"}],"wp:attachment":[{"href":"https:\/\/www.radiopresidenteibanez.cl\/web\/wp-json\/wp\/v2\/media?parent=14488"}],"wp:term":[{"taxonomy":"category","embeddable":true,"href":"https:\/\/www.radiopresidenteibanez.cl\/web\/wp-json\/wp\/v2\/categories?post=14488"},{"taxonomy":"post_tag","embeddable":true,"href":"https:\/\/www.radiopresidenteibanez.cl\/web\/wp-json\/wp\/v2\/tags?post=14488"}],"curies":[{"name":"wp","href":"https:\/\/api.w.org\/{rel}","templated":true}]}}