{"id":14485,"date":"2020-08-31T14:29:02","date_gmt":"2020-08-31T14:29:02","guid":{"rendered":"https:\/\/www.radiopresidenteibanez.cl\/web\/?p=14485"},"modified":"2020-08-31T14:29:07","modified_gmt":"2020-08-31T14:29:07","slug":"se-busca-pega-por-ernesto-sepulveda","status":"publish","type":"post","link":"https:\/\/www.radiopresidenteibanez.cl\/web\/se-busca-pega-por-ernesto-sepulveda\/","title":{"rendered":"SE BUSCA PEGA por Ernesto Sep\u00falveda"},"content":{"rendered":"\n<p>Las \u00faltimas cifras entregadas por el INE, sobre desempleo,\nson demoledoras. A nivel nacional 13,1 %, pero si se suman los contratos\nsuspendidos que son m\u00e1s de 700 mil, y las personas que por motivos de la\ncuarentena no han podido salir a buscar trabajo, se llega a la escalofriante\ncifra de 30,1% seg\u00fan c\u00e1lculos que realiza el mismo INE. En f\u00e1cil esto significa\nque cuatro de cada 10 trabajadores chilenos se encuentran sin empleo. Situaci\u00f3n\nque nos hace retroceder a los peores a\u00f1os de la crisis de 1982, incluso algunos\neconomistas, se\u00f1alan que habr\u00eda que remontarse a la crisis del a\u00f1o 30\u2019, para\ndimensionar esta calamidad laboral. La propia ministra Zald\u00edvar, la ministra\ndel Trabajo, reconoce que es una crisis de proporciones.<\/p>\n\n\n\n<p>A nivel regional, las cifras hablan por s\u00ed solas, en Magallanes, tierra bendecida hace m\u00e1s de una d\u00e9cada con baj\u00edsimas cifras de desempleo, ahora ve duplicarse la tasa que se ten\u00eda a igual trimestre el a\u00f1o 2019. \u00a0Con un 8,4% de desempleo, las autoridades no pueden quedarse tranquilas, culpando a la estacionalidad, o prometiendo que, con la temporada de turismo, estas mejorar\u00e1n.<\/p>\n\n\n\n<p>En Magallanes, tenemos una situaci\u00f3n sanitaria, que nos impide entrar nuevamente en el desconfinamiento.\u00a0 Es una circunstancia objetiva, el n\u00famero de contagios por d\u00eda no ha bajado de 100, estando en cuarentena. C\u00f3mo se logra la baja de estas cifras, los especialistas han dicho hasta el cansancio, con prevenci\u00f3n, con detecci\u00f3n a trav\u00e9s de los test PCR, cuando corresponde, y con trazabilidad y aislamiento.<\/p>\n\n\n\n<p>En medio, de esta realidad en Magallanes, donde todos hacemos el mejor esfuerzo por colaborar, la l\u00ednea a\u00e9rea de posici\u00f3n dominante, anuncia que aumentar\u00e1 el n\u00famero de vuelos diarios a la regi\u00f3n. En circunstancias normales, eso debiera alegrarnos, pero en las circunstancias actuales, es un insulto. Como m\u00ednimo debiera exigirse exhibir test PCR resultado negativo para viajar a Magallanes. Es lo que m\u00ednimo a exigir para reducir el riesgo de que viajen personas contagiadas. <\/p>\n\n\n\n<p>Otra cosa muy distinta es lo que pasa dentro de la regi\u00f3n. Los trabajadores del sector construcci\u00f3n, cuentan con un protocolo adoptado por las empresas, que van mas all\u00e1 de lo que la autoridad les exige. Se realiza peri\u00f3dicamente los test PCR al personal, se asegura el transporte en medios especiales, para evitar el contacto con la poblaci\u00f3n general. Y se traslada a los trabajadores directamente a los lugares de alojamiento y de ah\u00ed a las faenas. Otro tanto, ha hecho el sector acu\u00edcola, implementando incluso ch\u00e1rter a\u00e9reo, para que sus trabajadores puedan arribar a la regi\u00f3n sin contacto con nadie. Tambi\u00e9n en este sector se realiza test PCR, y s\u00f3lo se permite viajar a los test negativos.<\/p>\n\n\n\n<p>Estos dos casos, no son los \u00fanicos, se ha dado el mismo inter\u00e9s, en el \u00e1mbito de transporte mar\u00edtimo, demostrando real preocupaci\u00f3n por los trabajadores.\u00a0 De las empresas pertenecientes a las \u00e1reas esenciales de la econom\u00eda, existe un gran n\u00famero que se encuentran autorizadas a trabajar durante la cuarentena. Pero no todas lo hacen. Aparentemente los criterios administrativos son dispares, en la interpretaci\u00f3n, y cuando es as\u00ed, se opta por restringir a quienes est\u00e1n habilitados legalmente para trabajar.<\/p>\n\n\n\n<p>El camino del confinamiento total, y de la cuarentena permanente, no asegura de por s\u00ed, las cifras de contagios. El caso de nuestros hermanos argentinos, con una de las cuarentenas mas largas, que se conozcan, as\u00ed lo demuestra. \u00a0<\/p>\n\n\n\n<p>Se requiere con urgencia, que los distintos sectores productivos y sociales sean convocados, para definir un protocolo general, para la prevenci\u00f3n y reducci\u00f3n de contagios, y para la reactivaci\u00f3n del empleo. Recuperar mejores cifras sanitarias, est\u00e1 directamente relacionado, con una mayor participaci\u00f3n, de los actores econ\u00f3micos y sociales, en la definici\u00f3n de unas reglas de conducta, socialmente aceptadas, difundidas, y cumplidas con rigor.<\/p>\n\n\n\n<p>Mientras se siga enfrentando esta grave crisis sanitaria, y angustiante crisis econ\u00f3mica, sin considerar las consecuencias sociales de las decisiones, no mejorar\u00e1 ni la condici\u00f3n sanitaria, ni mucho menos la condici\u00f3n de la econom\u00eda. <\/p>\n\n\n\n<p>El empleo asalariado del sector privado, y el sector informal, son los que han sido golpeados por las restricciones de funcionamiento, por las prohibiciones sin fin. Son estos sectores los que emplear\u00e1n, a parte importante de ese 8,4% de desempleo que tenemos en Magallanes, si no es demasiado tarde para echar a andar de nuevo los talleres, los comercios, los restaurantes.<\/p>\n\n\n\n<p>Se requiere una mirada amplia, que sepa aunar voluntades, y encontrar una f\u00f3rmula que nos permita en Magallanes, retomar el impulso econ\u00f3mico, con plena garant\u00eda de prevenci\u00f3n sanitaria.<\/p>\n\n\n\n<p>Ernesto Sep\u00falveda Tornero<\/p>\n","protected":false},"excerpt":{"rendered":"<p>Las \u00faltimas cifras entregadas por el INE, sobre desempleo, son demoledoras. A nivel nacional 13,1 %, pero si se suman los contratos suspendidos que son m\u00e1s de 700 mil, y&#8230; <a class=\"read-more\" href=\"https:\/\/www.radiopresidenteibanez.cl\/web\/se-busca-pega-por-ernesto-sepulveda\/\">Leer m\u00e1s<\/a><\/p>\n","protected":false},"author":2,"featured_media":2310,"comment_status":"closed","ping_status":"closed","sticky":false,"template":"","format":"standard","meta":{"footnotes":""},"categories":[1],"tags":[],"class_list":["post-14485","post","type-post","status-publish","format-standard","has-post-thumbnail","hentry","category-cronica"],"_links":{"self":[{"href":"https:\/\/www.radiopresidenteibanez.cl\/web\/wp-json\/wp\/v2\/posts\/14485","targetHints":{"allow":["GET"]}}],"collection":[{"href":"https:\/\/www.radiopresidenteibanez.cl\/web\/wp-json\/wp\/v2\/posts"}],"about":[{"href":"https:\/\/www.radiopresidenteibanez.cl\/web\/wp-json\/wp\/v2\/types\/post"}],"author":[{"embeddable":true,"href":"https:\/\/www.radiopresidenteibanez.cl\/web\/wp-json\/wp\/v2\/users\/2"}],"replies":[{"embeddable":true,"href":"https:\/\/www.radiopresidenteibanez.cl\/web\/wp-json\/wp\/v2\/comments?post=14485"}],"version-history":[{"count":0,"href":"https:\/\/www.radiopresidenteibanez.cl\/web\/wp-json\/wp\/v2\/posts\/14485\/revisions"}],"wp:featuredmedia":[{"embeddable":true,"href":"https:\/\/www.radiopresidenteibanez.cl\/web\/wp-json\/wp\/v2\/media\/2310"}],"wp:attachment":[{"href":"https:\/\/www.radiopresidenteibanez.cl\/web\/wp-json\/wp\/v2\/media?parent=14485"}],"wp:term":[{"taxonomy":"category","embeddable":true,"href":"https:\/\/www.radiopresidenteibanez.cl\/web\/wp-json\/wp\/v2\/categories?post=14485"},{"taxonomy":"post_tag","embeddable":true,"href":"https:\/\/www.radiopresidenteibanez.cl\/web\/wp-json\/wp\/v2\/tags?post=14485"}],"curies":[{"name":"wp","href":"https:\/\/api.w.org\/{rel}","templated":true}]}}