{"id":14483,"date":"2020-08-31T14:27:10","date_gmt":"2020-08-31T14:27:10","guid":{"rendered":"https:\/\/www.radiopresidenteibanez.cl\/web\/?p=14483"},"modified":"2020-08-31T14:27:15","modified_gmt":"2020-08-31T14:27:15","slug":"saludo-con-amor-solidario-de-mujer-por-teresa-lizondo-ex-seremi-de-la-mujer","status":"publish","type":"post","link":"https:\/\/www.radiopresidenteibanez.cl\/web\/saludo-con-amor-solidario-de-mujer-por-teresa-lizondo-ex-seremi-de-la-mujer\/","title":{"rendered":"SALUDO CON AMOR SOLIDARIO DE MUJER por Teresa Lizondo, ex seremi de la Mujer"},"content":{"rendered":"\n<p>COMO MUJER Y DESDE EL SENTIMIENTO Y LA RAZ\u00d3N, &nbsp;SALUDO CON FORTALEZA HERIDA, A LA FUNCIONARIA\nDE ENFERMER\u00cdA DE NUESTRA CIUDAD, POR LA BRUTAL Y COBARDE ACCI\u00d3N&nbsp; A LA QUE ESTUVO EXPUESTA. &nbsp;S\u00c9 QUE SU LUZ INTERIOR, NO SE ATENUAR\u00c1 POR\nESTE DELESNABLE ATAQUE DEL QUE FUE VICTIMA, Y QUE SI BIEN SER\u00c1 DIFICIL, EL\nAPOYO DE TODAS&nbsp; TODOS, MITIGAR\u00c1 SU DOLOR\nY LAS SECUELAS QUE LA AQUEJAN, TRANSFORM\u00c1NDOLAS EN FUERZA Y ENTEREZA PARA\nLOGRAR LA JUSTICIA MERECIDA.<\/p>\n\n\n\n<p>RECIBE MI SALUDO LLENO DE ENERG\u00cdA POSITIVA, CON UN MENSAJE DE\nPAZ, EMPAT\u00cdA, SOLIDARIDAD Y ESPERANZA DE JUSTICIA, ANTE ESTA AGRESI\u00d3N BASADA EN\nUN SISTEMA DE RELACIONES DE PODER HIST\u00d3RICAMENTE DESIGUALES, ENTRE HOMBRES Y\nMUJERES.<\/p>\n\n\n\n<p>CONDENO Y REPUDIO FUERTEMENTE LA VIOLENCIA CONTRA UNA MUJER,\nQUE CONSTITUYE UNA VIOLENCIA A LOS DERECHOS HUMANOS, &nbsp;Y LA MANIFESTACION MAS BRUTAL, DE LAS\nDESIGUALDADES ENTRE HOMBRES Y MUJERES. \u00a1EXIJO JUSTICIA!<\/p>\n\n\n\n<p>ACOMPA\u00d1O TAMBI\u00c9N A TODAS LAS FUNCIONARIAS DE LA SALUD, QUE EN\nCIRCUNSTANCIAS TAN ADVERSAS, DESARROLLAN TAN SUBLIME&nbsp; LABOR.<\/p>\n\n\n\n<p>FINALMENTE, HAGO UN LLAMADO URGENTE &nbsp;A LAS AUTORIDADES REGIONALES RESPONSABLES,\nPARA DISPONER DE TODAS LAS MEDIDAS QUE DEN SEGURIDAD AL TRABAJO QUE REALIZAN EN\nAPOYO DE LA COMUNIDAD,&nbsp; LAS Y LOS&nbsp; FUNCIONARIAS (OS)&nbsp; DE LA SALUD.<\/p>\n\n\n\n<p><strong>TERESA LIZONDO\nLONCOMILLA<\/strong><\/p>\n\n\n\n<p><strong>PROFESORA<\/strong><\/p>\n\n\n\n<p><strong>EX SEREMI DE LA MUJER Y\nEQUIDAD DE G\u00c9NERO DE LA DE LA REGI\u00d3N DE MAGALLANES Y ANT\u00c1RTICA CHILENA\n2014-2018<\/strong><\/p>\n","protected":false},"excerpt":{"rendered":"<p>COMO MUJER Y DESDE EL SENTIMIENTO Y LA RAZ\u00d3N, &nbsp;SALUDO CON FORTALEZA HERIDA, A LA FUNCIONARIA DE ENFERMER\u00cdA DE NUESTRA CIUDAD, POR LA BRUTAL Y COBARDE ACCI\u00d3N&nbsp; A LA QUE&#8230; <a class=\"read-more\" href=\"https:\/\/www.radiopresidenteibanez.cl\/web\/saludo-con-amor-solidario-de-mujer-por-teresa-lizondo-ex-seremi-de-la-mujer\/\">Leer m\u00e1s<\/a><\/p>\n","protected":false},"author":2,"featured_media":13312,"comment_status":"closed","ping_status":"closed","sticky":false,"template":"","format":"standard","meta":{"footnotes":""},"categories":[1],"tags":[],"class_list":["post-14483","post","type-post","status-publish","format-standard","has-post-thumbnail","hentry","category-cronica"],"_links":{"self":[{"href":"https:\/\/www.radiopresidenteibanez.cl\/web\/wp-json\/wp\/v2\/posts\/14483","targetHints":{"allow":["GET"]}}],"collection":[{"href":"https:\/\/www.radiopresidenteibanez.cl\/web\/wp-json\/wp\/v2\/posts"}],"about":[{"href":"https:\/\/www.radiopresidenteibanez.cl\/web\/wp-json\/wp\/v2\/types\/post"}],"author":[{"embeddable":true,"href":"https:\/\/www.radiopresidenteibanez.cl\/web\/wp-json\/wp\/v2\/users\/2"}],"replies":[{"embeddable":true,"href":"https:\/\/www.radiopresidenteibanez.cl\/web\/wp-json\/wp\/v2\/comments?post=14483"}],"version-history":[{"count":0,"href":"https:\/\/www.radiopresidenteibanez.cl\/web\/wp-json\/wp\/v2\/posts\/14483\/revisions"}],"wp:featuredmedia":[{"embeddable":true,"href":"https:\/\/www.radiopresidenteibanez.cl\/web\/wp-json\/wp\/v2\/media\/13312"}],"wp:attachment":[{"href":"https:\/\/www.radiopresidenteibanez.cl\/web\/wp-json\/wp\/v2\/media?parent=14483"}],"wp:term":[{"taxonomy":"category","embeddable":true,"href":"https:\/\/www.radiopresidenteibanez.cl\/web\/wp-json\/wp\/v2\/categories?post=14483"},{"taxonomy":"post_tag","embeddable":true,"href":"https:\/\/www.radiopresidenteibanez.cl\/web\/wp-json\/wp\/v2\/tags?post=14483"}],"curies":[{"name":"wp","href":"https:\/\/api.w.org\/{rel}","templated":true}]}}