{"id":14481,"date":"2020-08-31T14:25:21","date_gmt":"2020-08-31T14:25:21","guid":{"rendered":"https:\/\/www.radiopresidenteibanez.cl\/web\/?p=14481"},"modified":"2020-08-31T14:25:26","modified_gmt":"2020-08-31T14:25:26","slug":"pdc-repudia-hecho-de-ataque-sexual-al-interior-de-residencia-sanitaria","status":"publish","type":"post","link":"https:\/\/www.radiopresidenteibanez.cl\/web\/pdc-repudia-hecho-de-ataque-sexual-al-interior-de-residencia-sanitaria\/","title":{"rendered":"PDC REPUDIA HECHO DE ATAQUE SEXUAL AL INTERIOR DE RESIDENCIA SANITARIA"},"content":{"rendered":"\n<p>El Partido Dem\u00f3crata Cristiano&nbsp;\nMagallanes &nbsp;y la Vicepresidencia de la Mujer junto a todas y todos sus\nmilitantes repudiamos el vil y cobarde ataque en contra de una funcionaria de\nsalud. Este hecho no debe ser considerado como algo aislado, sino debe revestir\nla relevancia que amerita en cuanto a lo indigno del acto en s\u00ed que reviste\nviolencia de g\u00e9nero y falta graves en la rigurosidad en los resguardos que\ndeber\u00edan haber tenido las funcionarias y o funcionarios de esta residencia\nsanitaria, que solo revela la poca seriedad de las autoridades responsables\ntanto en esta actividad como el nulo control y falta de protocolo en el ingreso\nde extranjeros a nuestra ciudad; exigimos de parte del Intendente y de las\nautoridades centrales la m\u00e1xima transparencia en cuanto a sanciones que\ncorresponda con los responsables directos en este acto repudiable desde todo\npunto de vista.<\/p>\n\n\n\n<p>Este indignante hecho no puede\nvolver a ocurrir, es producto de la poca seriedad del Gobierno Regional y el\nServicio de Salud en el manejo de la pandemia, y una falta grave al c\u00f3digo del\ntrabajo (seg\u00fan el art\u00edculo 184 del C\u00f3digo del Trabajo: el empleador est\u00e1\nobligado a tomar medidas de seguridad que sean necesarias\u2026); adem\u00e1s agravado\ncon que estamos en una Estado de Excepci\u00f3n que por su propia condici\u00f3n obliga a\nmantener mayores resguardos.<\/p>\n\n\n\n<p>Exigimos de parte de la autoridad el\nm\u00e1ximo rigor en la investigaci\u00f3n; justicia para la funcionaria afectada , a\npesar que nada subsanar\u00e1 el trato indigno y vejatorio sufrido de parte de estos\nextranjeros que merecen todo nuestro repudio y esperamos a su vez las m\u00e1ximas\nsanciones a los responsables de autorizar el ingreso de estas personas a la\nregi\u00f3n. No queremos que este hecho quede en el olvido y la impunidad sin\nresponsabilidades.<\/p>\n\n\n\n<p>Lo ocurrido no debe suceder a\nninguna mujer, ni funcionario de salud.&nbsp;\nEl Gobierno debe&nbsp; resguardar a su gente que ha estado en primera\nl\u00ednea, entregando las medidas&nbsp; de resguardo tanto en seguridad como\nsanitarias.<\/p>\n\n\n\n<p>La justicia en estos hechos es\nesquiva, pero la responsabilidad debe asumirse y est\u00e1 en el Gobierno Regional.<\/p>\n","protected":false},"excerpt":{"rendered":"<p>El Partido Dem\u00f3crata Cristiano&nbsp; Magallanes &nbsp;y la Vicepresidencia de la Mujer junto a todas y todos sus militantes repudiamos el vil y cobarde ataque en contra de una funcionaria de&#8230; <a class=\"read-more\" href=\"https:\/\/www.radiopresidenteibanez.cl\/web\/pdc-repudia-hecho-de-ataque-sexual-al-interior-de-residencia-sanitaria\/\">Leer m\u00e1s<\/a><\/p>\n","protected":false},"author":2,"featured_media":4398,"comment_status":"closed","ping_status":"closed","sticky":false,"template":"","format":"standard","meta":{"footnotes":""},"categories":[1],"tags":[],"class_list":["post-14481","post","type-post","status-publish","format-standard","has-post-thumbnail","hentry","category-cronica"],"_links":{"self":[{"href":"https:\/\/www.radiopresidenteibanez.cl\/web\/wp-json\/wp\/v2\/posts\/14481","targetHints":{"allow":["GET"]}}],"collection":[{"href":"https:\/\/www.radiopresidenteibanez.cl\/web\/wp-json\/wp\/v2\/posts"}],"about":[{"href":"https:\/\/www.radiopresidenteibanez.cl\/web\/wp-json\/wp\/v2\/types\/post"}],"author":[{"embeddable":true,"href":"https:\/\/www.radiopresidenteibanez.cl\/web\/wp-json\/wp\/v2\/users\/2"}],"replies":[{"embeddable":true,"href":"https:\/\/www.radiopresidenteibanez.cl\/web\/wp-json\/wp\/v2\/comments?post=14481"}],"version-history":[{"count":0,"href":"https:\/\/www.radiopresidenteibanez.cl\/web\/wp-json\/wp\/v2\/posts\/14481\/revisions"}],"wp:featuredmedia":[{"embeddable":true,"href":"https:\/\/www.radiopresidenteibanez.cl\/web\/wp-json\/wp\/v2\/media\/4398"}],"wp:attachment":[{"href":"https:\/\/www.radiopresidenteibanez.cl\/web\/wp-json\/wp\/v2\/media?parent=14481"}],"wp:term":[{"taxonomy":"category","embeddable":true,"href":"https:\/\/www.radiopresidenteibanez.cl\/web\/wp-json\/wp\/v2\/categories?post=14481"},{"taxonomy":"post_tag","embeddable":true,"href":"https:\/\/www.radiopresidenteibanez.cl\/web\/wp-json\/wp\/v2\/tags?post=14481"}],"curies":[{"name":"wp","href":"https:\/\/api.w.org\/{rel}","templated":true}]}}