{"id":14478,"date":"2020-08-31T14:23:42","date_gmt":"2020-08-31T14:23:42","guid":{"rendered":"https:\/\/www.radiopresidenteibanez.cl\/web\/?p=14478"},"modified":"2020-08-31T14:23:47","modified_gmt":"2020-08-31T14:23:47","slug":"educacion-chilena-en-tiempos-de-pandemia-por-javier-munoz","status":"publish","type":"post","link":"https:\/\/www.radiopresidenteibanez.cl\/web\/educacion-chilena-en-tiempos-de-pandemia-por-javier-munoz\/","title":{"rendered":"EDUCACI\u00d3N CHILENA EN TIEMPOS DE PANDEMIA por Javier Mu\u00f1oz"},"content":{"rendered":"\n<p>El\ndomingo 15 de marzo durante la ma\u00f1ana, el ministro de Educaci\u00f3n indic\u00f3 la\nsuspensi\u00f3n de las clases en todos los niveles y para todo el pa\u00eds, situaci\u00f3n\nque se ha mantenido hasta el momento en que se escribe este texto.<\/p>\n\n\n\n<p>La\nprimera indicaci\u00f3n de apoyo o de \u201csoporte\u201d a distancia fue la llamada p\u00e1gina\nweb \u201caprendo en l\u00ednea\u201d, ya que se se\u00f1alaba, que inclu\u00eda material y contenidos\nreferentes al curriculum nacional.<\/p>\n\n\n\n<p>Lo\nefectivo es, que al d\u00eda siguiente, en muchas comunidades educativas, los y las\ndocentes se reunieron para tomar decisiones y complementar pareceres sobre como\ncontinuar el proceso educativo, por un tiempo incierto, pero que el ministerio\nindicaba como \u201cbreve\u201d, incluso se\u00f1alando un adelanto de vacaciones y\npresentando una fecha de retorno.<\/p>\n\n\n\n<p>Por su\nparte, volviendo a los y las docentes, iniciaban el proceso de convertir sus\nclases presenciales en apoyos a distancia, desde la gu\u00eda subida a una\nplataforma, hasta llegar a las sesiones online. <\/p>\n\n\n\n<p>Este\nproceso nuevamente evidenciaba, la capacidad de adaptaci\u00f3n y sobrellevar las\ndificultades del profesorado del pa\u00eds, pero sin recibir ni las indicaciones\ndesde la autoridad de educaci\u00f3n, ni tampoco una pol\u00edtica nacional de clases\ntelem\u00e1ticas o a distancia, se\u00f1alo esto, para profundizar en la improvisaci\u00f3n en\nque se ha sumergido el sistema educativo en su conjunto, con soluciones locales\ny pertinentes a cada comunidad, pero sin una directriz com\u00fan desde el nivel\ncentral.<\/p>\n\n\n\n<p>Es\nm\u00e1s, cuando se escucha al Ministro de Educaci\u00f3n referirse al proceso de\nense\u00f1anza en estos tiempos de pandemia, s\u00f3lo se refiere a la necesidad del\nretorno a clases, e incluso de tildar de c\u00f3modos a los docentes, por trabajar\ndesde casa.<\/p>\n\n\n\n<p>No\ncreo necesario detallar las m\u00faltiples funciones que un o una profesional de la\neducaci\u00f3n debe realizar, sino en lo que ha significado el o la docente para sus\nestudiantes.<\/p>\n\n\n\n<p>\u00bfQui\u00e9n\nha pensado o idea un plan de acompa\u00f1amiento para los docentes?, la respuesta\nministerial fue un documento llamado \u201cbit\u00e1cora docente\u201d, que a pesar de sus\nbuenas intenciones, en nada se condice con una realidad practicable, ya que\npropone momentos de \u201cautocuidado\u201d, en personas donde la \u201cvocaci\u00f3n\u201d nuevamente\nsuple las fragilidades humanas, donde hombres y mujeres, por tiempos prolongados\nhan olvidado sus propias necesidades y miedos, para ser un apoyo real para las\nfamilias del pa\u00eds.<\/p>\n\n\n\n<p>Esta\npandemia ha desnudado much\u00edsimas situaciones y realidades, muchas de ellas ya\nconocidas por las comunidades educativas, pero no es suficiente con conocerlas,\nuna vez m\u00e1s \u00e9stas comunidades han buscado como solucionarlas, pero nuevamente\nsin el adecuado apoyo estatal, me refiero a falta de alimentaci\u00f3n, soporte en\nsalud mental, brecha de conectividad digital, distancia para el retiro de\napoyos desde los establecimientos, brechas en escolaridad de familiares, para\npoder apoyar a sus hijos e hijas en los hogares.<\/p>\n\n\n\n<p>Ahora,\n\u00bfcu\u00e1l es la soluci\u00f3n?, sin duda preguntar m\u00e1s a las comunidades educativas, en\nlugar de s\u00f3lo exigirles evidencias de los trabajos. Menos planillas que llenar\ny m\u00e1s propuestas o apoyos para llegar a los y las estudiantes. Mas colaboraci\u00f3n\na la labor docente y menos duda de c\u00f3mo utilizan sus horas de teletrabajo.<\/p>\n\n\n\n<p>Se ha\nhablado y valorado firmemente la labor del personal de salud en esta pandemia, cosa\nque en ning\u00fan caso se puede desmerecer. Pero falta desde las autoridades del\nramo, un reconocimiento real a los y las docentes, que se oriente a un apoyo a\nsu labor, que no necesariamente es econ\u00f3mico, sino que se origina y nace en la\nconfianza de que en cada rinc\u00f3n del pa\u00eds, buscan cumplir su misi\u00f3n, sin los\ninsumos necesarios, ni el respaldo que se merecen.<\/p>\n\n\n\n<p>Se\navecina un receso m\u00e1s que necesario en un par de semanas, ojal\u00e1 el regreso, sea\npara finalizar de buena forma los procesos educativos junto a las familias y no\nun nuevo proceso en donde se sospecha de su labor, o deban comenzar a defender\na estudiantes, frente al riesgo de repitencia, por no haber tenido a mano las\nmismas ventajas que otros. <\/p>\n\n\n\n<p>Profesores\ny profesoras de Chile, toda mi admiraci\u00f3n y respeto.<\/p>\n\n\n\n<p><strong>Javier Mu\u00f1oz Vidal<\/strong><\/p>\n\n\n\n<p><strong>Licenciado en Educaci\u00f3n<\/strong><\/p>\n\n\n\n<p><strong>Docente<\/strong><\/p>\n\n\n\n<p><strong>Colectivo Vanguardia Comunitaria<\/strong><\/p>\n","protected":false},"excerpt":{"rendered":"<p>El domingo 15 de marzo durante la ma\u00f1ana, el ministro de Educaci\u00f3n indic\u00f3 la suspensi\u00f3n de las clases en todos los niveles y para todo el pa\u00eds, situaci\u00f3n que se&#8230; <a class=\"read-more\" href=\"https:\/\/www.radiopresidenteibanez.cl\/web\/educacion-chilena-en-tiempos-de-pandemia-por-javier-munoz\/\">Leer m\u00e1s<\/a><\/p>\n","protected":false},"author":2,"featured_media":14479,"comment_status":"closed","ping_status":"closed","sticky":false,"template":"","format":"standard","meta":{"footnotes":""},"categories":[1],"tags":[],"class_list":["post-14478","post","type-post","status-publish","format-standard","has-post-thumbnail","hentry","category-cronica"],"_links":{"self":[{"href":"https:\/\/www.radiopresidenteibanez.cl\/web\/wp-json\/wp\/v2\/posts\/14478","targetHints":{"allow":["GET"]}}],"collection":[{"href":"https:\/\/www.radiopresidenteibanez.cl\/web\/wp-json\/wp\/v2\/posts"}],"about":[{"href":"https:\/\/www.radiopresidenteibanez.cl\/web\/wp-json\/wp\/v2\/types\/post"}],"author":[{"embeddable":true,"href":"https:\/\/www.radiopresidenteibanez.cl\/web\/wp-json\/wp\/v2\/users\/2"}],"replies":[{"embeddable":true,"href":"https:\/\/www.radiopresidenteibanez.cl\/web\/wp-json\/wp\/v2\/comments?post=14478"}],"version-history":[{"count":0,"href":"https:\/\/www.radiopresidenteibanez.cl\/web\/wp-json\/wp\/v2\/posts\/14478\/revisions"}],"wp:featuredmedia":[{"embeddable":true,"href":"https:\/\/www.radiopresidenteibanez.cl\/web\/wp-json\/wp\/v2\/media\/14479"}],"wp:attachment":[{"href":"https:\/\/www.radiopresidenteibanez.cl\/web\/wp-json\/wp\/v2\/media?parent=14478"}],"wp:term":[{"taxonomy":"category","embeddable":true,"href":"https:\/\/www.radiopresidenteibanez.cl\/web\/wp-json\/wp\/v2\/categories?post=14478"},{"taxonomy":"post_tag","embeddable":true,"href":"https:\/\/www.radiopresidenteibanez.cl\/web\/wp-json\/wp\/v2\/tags?post=14478"}],"curies":[{"name":"wp","href":"https:\/\/api.w.org\/{rel}","templated":true}]}}