{"id":14476,"date":"2020-08-30T23:34:55","date_gmt":"2020-08-30T23:34:55","guid":{"rendered":"https:\/\/www.radiopresidenteibanez.cl\/web\/?p=14476"},"modified":"2020-08-30T23:35:01","modified_gmt":"2020-08-30T23:35:01","slug":"diputada-amar-califica-como-aberrante-situacion-vivida-por-funcionaria-de-la-salud-en-residencia-sanitaria","status":"publish","type":"post","link":"https:\/\/www.radiopresidenteibanez.cl\/web\/diputada-amar-califica-como-aberrante-situacion-vivida-por-funcionaria-de-la-salud-en-residencia-sanitaria\/","title":{"rendered":"DIPUTADA AMAR CALIFICA COMO \u201cABERRANTE\u201d SITUACI\u00d3N VIVIDA POR FUNCIONARIA DE LA SALUD EN RESIDENCIA SANITARIA"},"content":{"rendered":"\n<p>Como un hecho \u201caberrante\u201d calific\u00f3 la Diputada Sandra Amar,\nel ataque en contra de una funcionaria de la salud ocurrida en una residencia\nsanitaria en Punta Arenas. <\/p>\n\n\n\n<p>Para Amar \u201ces de m\u00e1xima gravedad lo ocurrido en la\nresidencia sanitaria porque se vulneraron, no solo los protocolos sanitarios,\nsino que fue atacada una funcionaria de la salud sin respetar en lo m\u00e1s m\u00ednimo\nsus derechos esenciales\u201d.<\/p>\n\n\n\n<p>\u201cEs una situaci\u00f3n aberrante y de la m\u00e1xima gravedad. En mi\ncalidad de parlamentaria voy a oficiar a los organismos respectivos para saber\nsi se respetaron los protocolos respectivos para que nunca m\u00e1s, ni en la regi\u00f3n\nde Magallanes ni en ninguna parte de Chile, vuelva a ocurrir algo as\u00ed como lo vivido\npor esta funcionaria de la salud\u201d, a\u00f1adi\u00f3. <\/p>\n\n\n\n<p>La legisladora hizo un llamado a \u201caplicar el m\u00e1ximo rigor\nde la ley y me parece de todo sentido que el ministerio de Salud se querelle.\nAdem\u00e1s el ministerio de La Mujer y el de Interior ver la opci\u00f3n tambi\u00e9n de\nquerellarse junto con el hecho de que Extranjer\u00eda eval\u00fae \u00e9l estatus legal de\nestas personas\u201d.<\/p>\n","protected":false},"excerpt":{"rendered":"<p>Como un hecho \u201caberrante\u201d calific\u00f3 la Diputada Sandra Amar, el ataque en contra de una funcionaria de la salud ocurrida en una residencia sanitaria en Punta Arenas. Para Amar \u201ces&#8230; <a class=\"read-more\" href=\"https:\/\/www.radiopresidenteibanez.cl\/web\/diputada-amar-califica-como-aberrante-situacion-vivida-por-funcionaria-de-la-salud-en-residencia-sanitaria\/\">Leer m\u00e1s<\/a><\/p>\n","protected":false},"author":2,"featured_media":12256,"comment_status":"closed","ping_status":"closed","sticky":false,"template":"","format":"standard","meta":{"footnotes":""},"categories":[1],"tags":[],"class_list":["post-14476","post","type-post","status-publish","format-standard","has-post-thumbnail","hentry","category-cronica"],"_links":{"self":[{"href":"https:\/\/www.radiopresidenteibanez.cl\/web\/wp-json\/wp\/v2\/posts\/14476","targetHints":{"allow":["GET"]}}],"collection":[{"href":"https:\/\/www.radiopresidenteibanez.cl\/web\/wp-json\/wp\/v2\/posts"}],"about":[{"href":"https:\/\/www.radiopresidenteibanez.cl\/web\/wp-json\/wp\/v2\/types\/post"}],"author":[{"embeddable":true,"href":"https:\/\/www.radiopresidenteibanez.cl\/web\/wp-json\/wp\/v2\/users\/2"}],"replies":[{"embeddable":true,"href":"https:\/\/www.radiopresidenteibanez.cl\/web\/wp-json\/wp\/v2\/comments?post=14476"}],"version-history":[{"count":0,"href":"https:\/\/www.radiopresidenteibanez.cl\/web\/wp-json\/wp\/v2\/posts\/14476\/revisions"}],"wp:featuredmedia":[{"embeddable":true,"href":"https:\/\/www.radiopresidenteibanez.cl\/web\/wp-json\/wp\/v2\/media\/12256"}],"wp:attachment":[{"href":"https:\/\/www.radiopresidenteibanez.cl\/web\/wp-json\/wp\/v2\/media?parent=14476"}],"wp:term":[{"taxonomy":"category","embeddable":true,"href":"https:\/\/www.radiopresidenteibanez.cl\/web\/wp-json\/wp\/v2\/categories?post=14476"},{"taxonomy":"post_tag","embeddable":true,"href":"https:\/\/www.radiopresidenteibanez.cl\/web\/wp-json\/wp\/v2\/tags?post=14476"}],"curies":[{"name":"wp","href":"https:\/\/api.w.org\/{rel}","templated":true}]}}