{"id":14473,"date":"2020-08-30T22:33:24","date_gmt":"2020-08-30T22:33:24","guid":{"rendered":"https:\/\/www.radiopresidenteibanez.cl\/web\/?p=14473"},"modified":"2020-08-30T22:33:29","modified_gmt":"2020-08-30T22:33:29","slug":"confusam-magallanes-entrega-apoyo-a-tens-agredida-sexualmente-al-interior-de-residencia-sanitaria","status":"publish","type":"post","link":"https:\/\/www.radiopresidenteibanez.cl\/web\/confusam-magallanes-entrega-apoyo-a-tens-agredida-sexualmente-al-interior-de-residencia-sanitaria\/","title":{"rendered":"CONFUSAM MAGALLANES ENTREGA APOYO A TENS AGREDIDA SEXUALMENTE AL INTERIOR DE RESIDENCIA SANITARIA"},"content":{"rendered":"\n<p><strong>CONFUSAM MAGALLANES<\/strong> en representaci\u00f3n de los\nfuncionarios de Atenci\u00f3n Primaria de Salud Municipal, &nbsp;repudiamos los hechos acontecidos durante la\nnoche de ayer, en una residencia sanitaria de nuestra ciudad.<\/p>\n\n\n\n<p>Nos\nsentimos profundamente afectados por lo que le ocurri\u00f3 a la funcionaria de\nsalud y emplazamos a las autoridades para que protejan a todos los funcionarios\n&nbsp;que se encuentren desempe\u00f1ando su labor\nen las residencias sanitarias de nuestra regi\u00f3n; como as\u00ed tambi\u00e9n a los\nfuncionarios de salud que estamos enfrentando el control de esta pandemia.<\/p>\n\n\n\n<p>Es\ninaceptable que los imputados permanezcan en la Residencia Sanitaria, por lo\nque exigimos el traslado inmediato de los presuntos autores del delito, al\ncentro de cumplimiento penal de la ciudad de Punta Arenas, donde deber\u00e1n tomar\nlos resguardos necesarios para su cuidado en raz\u00f3n de su condici\u00f3n de salud.<\/p>\n\n\n\n<p>Los&nbsp;\nFuncionari@s&nbsp; de Salud Primaria Municipal,\nesperamos que las autoridades est\u00e9n a la altura de estos graves hechos y\nentreguen de ahora en adelante, la seguridad necesaria a los Trabajadores de la\nSalud que estamos abordando esta Pandemia exponi\u00e9ndonos d\u00eda a d\u00eda a el Covid \u2013\n19<\/p>\n\n\n\n<p><strong>Damos&nbsp; nuestro&nbsp;\napoyo como funcionari@s &nbsp;de\nAPS&nbsp; a la TENS&nbsp; que ha sufrido esta situaci\u00f3n inaceptable\npara nuestra sociedad, que solo conlleva a sentir inseguridad a los\nFuncionarios de Salud en su entrega diaria a nuestra comunidad.<\/strong><\/p>\n","protected":false},"excerpt":{"rendered":"<p>CONFUSAM MAGALLANES en representaci\u00f3n de los funcionarios de Atenci\u00f3n Primaria de Salud Municipal, &nbsp;repudiamos los hechos acontecidos durante la noche de ayer, en una residencia sanitaria de nuestra ciudad. Nos&#8230; <a class=\"read-more\" href=\"https:\/\/www.radiopresidenteibanez.cl\/web\/confusam-magallanes-entrega-apoyo-a-tens-agredida-sexualmente-al-interior-de-residencia-sanitaria\/\">Leer m\u00e1s<\/a><\/p>\n","protected":false},"author":2,"featured_media":740,"comment_status":"closed","ping_status":"closed","sticky":false,"template":"","format":"standard","meta":{"footnotes":""},"categories":[1],"tags":[],"class_list":["post-14473","post","type-post","status-publish","format-standard","has-post-thumbnail","hentry","category-cronica"],"_links":{"self":[{"href":"https:\/\/www.radiopresidenteibanez.cl\/web\/wp-json\/wp\/v2\/posts\/14473","targetHints":{"allow":["GET"]}}],"collection":[{"href":"https:\/\/www.radiopresidenteibanez.cl\/web\/wp-json\/wp\/v2\/posts"}],"about":[{"href":"https:\/\/www.radiopresidenteibanez.cl\/web\/wp-json\/wp\/v2\/types\/post"}],"author":[{"embeddable":true,"href":"https:\/\/www.radiopresidenteibanez.cl\/web\/wp-json\/wp\/v2\/users\/2"}],"replies":[{"embeddable":true,"href":"https:\/\/www.radiopresidenteibanez.cl\/web\/wp-json\/wp\/v2\/comments?post=14473"}],"version-history":[{"count":0,"href":"https:\/\/www.radiopresidenteibanez.cl\/web\/wp-json\/wp\/v2\/posts\/14473\/revisions"}],"wp:featuredmedia":[{"embeddable":true,"href":"https:\/\/www.radiopresidenteibanez.cl\/web\/wp-json\/wp\/v2\/media\/740"}],"wp:attachment":[{"href":"https:\/\/www.radiopresidenteibanez.cl\/web\/wp-json\/wp\/v2\/media?parent=14473"}],"wp:term":[{"taxonomy":"category","embeddable":true,"href":"https:\/\/www.radiopresidenteibanez.cl\/web\/wp-json\/wp\/v2\/categories?post=14473"},{"taxonomy":"post_tag","embeddable":true,"href":"https:\/\/www.radiopresidenteibanez.cl\/web\/wp-json\/wp\/v2\/tags?post=14473"}],"curies":[{"name":"wp","href":"https:\/\/api.w.org\/{rel}","templated":true}]}}