{"id":14468,"date":"2020-08-30T22:27:04","date_gmt":"2020-08-30T22:27:04","guid":{"rendered":"https:\/\/www.radiopresidenteibanez.cl\/web\/?p=14468"},"modified":"2020-08-30T22:27:14","modified_gmt":"2020-08-30T22:27:14","slug":"colegio-medico-se-refiere-a-la-situacion-vivida-por-una-profesional-al-interior-de-residencia-sanitaria","status":"publish","type":"post","link":"https:\/\/www.radiopresidenteibanez.cl\/web\/colegio-medico-se-refiere-a-la-situacion-vivida-por-una-profesional-al-interior-de-residencia-sanitaria\/","title":{"rendered":"COLEGIO M\u00c9DICO SE REFIERE A LA SITUACI\u00d3N VIVIDA POR UNA PROFESIONAL AL INTERIOR DE RESIDENCIA SANITARIA"},"content":{"rendered":"\n<p>Hemos tomado conocimiento de la violaci\u00f3n de una\nT\u00e9cnico de Enfemer\u00eda mientras ejerc\u00eda funciones en una residencia sanitaria\nbajo la dependencia de la Seremi de Salud.<\/p>\n\n\n\n<p>Como Consejo Regional del Colegio M\u00e9dico de Chile, condenamos categ\u00f3ricamente este delito, una de las expresiones m\u00e1s duras de la violencia de g\u00e9nero que existe en nuestra sociedad. As\u00ed, llamamos a la aplicaci\u00f3n de las m\u00e1ximas sanciones a quienes cometieron este acto tan detestable, en el marco de la ley de protecci\u00f3n a los trabajadores de la salud, que aumenta las penas para quienes son capaces de tan cobardes agresiones.<\/p>\n\n\n\n<p>Ofrecemos todo nuestro apoyo a quien ha sido v\u00edctima de esta agresi\u00f3n y a todo el personal de salud que se desempe\u00f1a en una funci\u00f3n que no posee la protecci\u00f3n necesaria.<\/p>\n\n\n\n<p>Es obligaci\u00f3n del empleador otorgar las condiciones de seguridad necesarias para cumplir con el trabajo encomendado. No es posible tolerar, el grado de desprotecci\u00f3n con\u00a0 que quienes trabajan en residencias sanitarias, ejecutan su imprescindible labor.<\/p>\n\n\n\n<p>Las y los trabajadores de la salud, que han demostrado su vocaci\u00f3n incansable en esta emergencia, merecen condiciones dignas y seguras para trabajar. No exigimos m\u00e1s que eso, pero no toleraremos menos.<\/p>\n\n\n\n<figure class=\"wp-block-table\"><table class=\"\"><tbody><tr><td>\n  Colegio M\u00e9dico de Chile A.G.\n  <\/td><td>\n  Colegio M\u00e9dico de Chile A.G.\n  <\/td><\/tr><tr><td>\n  Mesa Directiva Nacional\n  <\/td><td>\n  Consejo Regional Punta Arenas\n  <\/td><\/tr><\/tbody><\/table><\/figure>\n","protected":false},"excerpt":{"rendered":"<p>Hemos tomado conocimiento de la violaci\u00f3n de una T\u00e9cnico de Enfemer\u00eda mientras ejerc\u00eda funciones en una residencia sanitaria bajo la dependencia de la Seremi de Salud. Como Consejo Regional del&#8230; <a class=\"read-more\" href=\"https:\/\/www.radiopresidenteibanez.cl\/web\/colegio-medico-se-refiere-a-la-situacion-vivida-por-una-profesional-al-interior-de-residencia-sanitaria\/\">Leer m\u00e1s<\/a><\/p>\n","protected":false},"author":2,"featured_media":14469,"comment_status":"closed","ping_status":"closed","sticky":false,"template":"","format":"standard","meta":{"footnotes":""},"categories":[1],"tags":[],"class_list":["post-14468","post","type-post","status-publish","format-standard","has-post-thumbnail","hentry","category-cronica"],"_links":{"self":[{"href":"https:\/\/www.radiopresidenteibanez.cl\/web\/wp-json\/wp\/v2\/posts\/14468","targetHints":{"allow":["GET"]}}],"collection":[{"href":"https:\/\/www.radiopresidenteibanez.cl\/web\/wp-json\/wp\/v2\/posts"}],"about":[{"href":"https:\/\/www.radiopresidenteibanez.cl\/web\/wp-json\/wp\/v2\/types\/post"}],"author":[{"embeddable":true,"href":"https:\/\/www.radiopresidenteibanez.cl\/web\/wp-json\/wp\/v2\/users\/2"}],"replies":[{"embeddable":true,"href":"https:\/\/www.radiopresidenteibanez.cl\/web\/wp-json\/wp\/v2\/comments?post=14468"}],"version-history":[{"count":0,"href":"https:\/\/www.radiopresidenteibanez.cl\/web\/wp-json\/wp\/v2\/posts\/14468\/revisions"}],"wp:featuredmedia":[{"embeddable":true,"href":"https:\/\/www.radiopresidenteibanez.cl\/web\/wp-json\/wp\/v2\/media\/14469"}],"wp:attachment":[{"href":"https:\/\/www.radiopresidenteibanez.cl\/web\/wp-json\/wp\/v2\/media?parent=14468"}],"wp:term":[{"taxonomy":"category","embeddable":true,"href":"https:\/\/www.radiopresidenteibanez.cl\/web\/wp-json\/wp\/v2\/categories?post=14468"},{"taxonomy":"post_tag","embeddable":true,"href":"https:\/\/www.radiopresidenteibanez.cl\/web\/wp-json\/wp\/v2\/tags?post=14468"}],"curies":[{"name":"wp","href":"https:\/\/api.w.org\/{rel}","templated":true}]}}